{"id":1098797,"date":"2024-06-27T02:40:57","date_gmt":"2024-06-27T02:40:57","guid":{"rendered":"https:\/\/lausanne.org\/?post_type=web-story&#038;p=1098797"},"modified":"2024-06-27T02:49:39","modified_gmt":"2024-06-27T02:49:39","slug":"quelles-sont-les-donnees-demographiques-emergentes","status":"publish","type":"web-story","link":"https:\/\/lausanne.org\/ko\/web-stories\/quelles-sont-les-donnees-demographiques-emergentes","title":{"rendered":"Quelles sont les donn\u00e9es d\u00e9mographiques \u00e9mergentes ?"},"content":{"rendered":"<p><html amp=\"\" lang=\"en\"><head><meta charSet=\"utf-8\"\/><meta name=\"viewport\" content=\"width=device-width,minimum-scale=1,initial-scale=1\"\/><script async=\"\" src=\"https:\/\/cdn.ampproject.org\/v0.js\"><\/script><script async=\"\" src=\"https:\/\/cdn.ampproject.org\/v0\/amp-story-1.0.js\" custom-element=\"amp-story\"><\/script><script async=\"\" src=\"https:\/\/cdn.ampproject.org\/v0\/amp-video-0.1.js\" custom-element=\"amp-video\"><\/script><link href=\"https:\/\/fonts.googleapis.com\/css2?display=swap&amp;family=Noto+Sans%3Awght%40400%3B700\" rel=\"stylesheet\"\/><link href=\"https:\/\/cdn.coverr.co\/videos\/coverr-walking-up-the-stairs-4094\/1080p.mp4\" rel=\"preload\" as=\"video\"\/>\n<style amp-boilerplate=\"\">body{-webkit-animation:-amp-start 8s steps(1,end) 0s 1 normal both;-moz-animation:-amp-start 8s steps(1,end) 0s 1 normal both;-ms-animation:-amp-start 8s steps(1,end) 0s 1 normal both;animation:-amp-start 8s steps(1,end) 0s 1 normal both}@-webkit-keyframes -amp-start{from{visibility:hidden}to{visibility:visible}}@-moz-keyframes -amp-start{from{visibility:hidden}to{visibility:visible}}@-ms-keyframes -amp-start{from{visibility:hidden}to{visibility:visible}}@-o-keyframes -amp-start{from{visibility:hidden}to{visibility:visible}}@keyframes -amp-start{from{visibility:hidden}to{visibility:visible}}<\/style>\n<p><noscript><\/p>\n<style amp-boilerplate=\"\">body{-webkit-animation:none;-moz-animation:none;-ms-animation:none;animation:none}<\/style>\n<p><\/noscript><\/p>\n<style amp-custom=\"\">\n              h1, h2, h3 { font-weight: normal; }<\/p>\n<p>              amp-story-page {\n                background-color: #131516;\n              }<\/p>\n<p>              amp-story-grid-layer {\n                overflow: visible;\n              }<\/p>\n<p>              @media (max-aspect-ratio: 9 \/ 16)  {\n                @media (min-aspect-ratio: 320 \/ 678) {\n                  amp-story-grid-layer.grid-layer {\n                    margin-top: calc((100% \/ 0.5625 - 100% \/ 0.6666666666666666) \/ 2);\n                  }\n                }\n              }<\/p>\n<p>              @media not all and (min-resolution:.001dpcm) {\n                @media {\n                  p.text-wrapper > span {\n                    font-size: calc(100% - 0.5px);\n                  }\n                }\n              }<\/p>\n<p>              .page-fullbleed-area,\n              .page-background-overlay-area {\n                position: absolute;\n                overflow: hidden;\n                width: 100%;\n                left: 0;\n                height: calc(1.1851851851851851 * 100%);\n                top: calc((1 - 1.1851851851851851) * 100% \/ 2);\n              }<\/p>\n<p>              .element-overlay-area {\n                position: absolute;\n                width: 100%;\n                height: 100%;\n                top: 0;\n                left: 0;\n              }<\/p>\n<p>              .page-safe-area {\n                overflow: visible;\n                position: absolute;\n                top: 0;\n                bottom: 0;\n                left: 0;\n                right: 0;\n                width: 100%;\n                height: calc(0.84375 * 100%);\n                margin: auto 0;\n              }<\/p>\n<p>              .mask {\n                position: absolute;\n                overflow: hidden;\n              }<\/p>\n<p>              .fill {\n                position: absolute;\n                top: 0;\n                left: 0;\n                right: 0;\n                bottom: 0;\n                margin: 0;\n              }<\/p>\n<p>              @media (prefers-reduced-motion: no-preference) {\n                .animation-wrapper {\n                  opacity: var(--initial-opacity);\n                  transform: var(--initial-transform);\n                }\n              }<\/p>\n<p>              amp-story-grid-layer.align-bottom {\n                align-content: end;\n                padding: 0;\n                \/* \n                  AMP CTA Layer will exactly occupy 74px regardless of any device.\n                  To space out captions 74px from the BOTTOM (AMP CTA Layer),\n                  74px from the TOP should also be spaced out and thus: 2 * 74px\n                  will be the desired max-height.\n                *\/\n                max-height: calc(100vh - (2 * 74px));\n              }<\/p>\n<p>              .captions-area {\n                padding: 0 32px 0;\n              }<\/p>\n<p>              amp-story-captions {\n                margin-bottom: 16px;\n                text-align: center;\n              }\n              <\/style>\n<p><meta name=\"web-stories-replace-head-start\"\/><title>Quelles sont les donn\u00e9es d\u00e9mographiques \u00e9mergentes ?<\/title><link rel=\"canonical\" href=\"https:\/\/lausanne.org\/fr\/web-stories\/quelles-sont-les-donnees-demographiques-emergentes\"\/><meta name=\"web-stories-replace-head-end\"\/><\/head><body><amp-story standalone=\"\" publisher=\"Lausanne Movement\" publisher-logo-src=\"https:\/\/lausanne.org\/wp-content\/uploads\/2023\/10\/cropped-lausanne-icon@2x.png\" title=\"Quelles sont les donn\u00e9es d\u00e9mographiques \u00e9mergentes ?\" poster-portrait-src=\"https:\/\/lausanne.org\/wp-content\/uploads\/2024\/04\/cropped-State-of-the-Great-Commission-Web-Story-Emerging-Demographics.jpg\"><amp-story-page id=\"80a36be6-8424-489c-a507-b1e995aad1a5\"><amp-story-grid-layer template=\"vertical\" aspect-ratio=\"412:618\" class=\"grid-layer\"><\/p>\n<div class=\"page-fullbleed-area\" style=\"background-color:#fff\">\n<div class=\"page-safe-area\">\n<div style=\"position:absolute;pointer-events:none;left:0;top:-9.25926%;width:100%;height:118.51852%;opacity:1\">\n<div style=\"pointer-events:initial;width:100%;height:100%;display:block;position:absolute;top:0;left:0;z-index:0\" class=\"mask\" id=\"el-dc251f14-ad21-40b3-aefc-2e2839f5d27a\">\n<div style=\"position:absolute;width:316.04939%;height:100%;left:-176.93495%;top:0%\" data-leaf-element=\"true\"><amp-video autoPlay=\"autoplay\" poster=\"https:\/\/cdn.coverr.co\/videos\/coverr-walking-up-the-stairs-4094\/thumbnail?width=1920\" artwork=\"https:\/\/cdn.coverr.co\/videos\/coverr-walking-up-the-stairs-4094\/thumbnail?width=1920\" title=\"A low-angle shot of a woman walking up the stairs into a well-lit area. \" alt=\"A low-angle shot of a woman walking up the stairs into a well-lit area. \" layout=\"fill\" loop=\"loop\" noaudio=\"noaudio\" id=\"el-dc251f14-ad21-40b3-aefc-2e2839f5d27a-media\"><source type=\"video\/mp4\" src=\"https:\/\/cdn.coverr.co\/videos\/coverr-walking-up-the-stairs-4094\/1080p.mp4\"\/><\/amp-video><\/div>\n<div class=\"element-overlay-area\" style=\"background-image:linear-gradient(0.5turn, rgba(0,0,0,0) 0%, rgba(0,0,0,0.7) 100%)\"><\/div>\n<\/div>\n<\/div>\n<div class=\"page-background-overlay-area\" style=\"background-image:linear-gradient(0.5turn, rgba(0,0,0,0) 0%, rgba(0,0,0,0.7) 100%)\"><\/div>\n<\/div>\n<\/div>\n<p><\/amp-story-grid-layer><amp-story-grid-layer template=\"vertical\" aspect-ratio=\"412:618\" class=\"grid-layer\"><\/p>\n<div class=\"page-fullbleed-area\">\n<div class=\"page-safe-area\">\n<div style=\"position:absolute;pointer-events:none;left:11.65049%;top:70.87379%;width:80.33981%;height:28.80259%;opacity:1\">\n<div style=\"pointer-events:initial;width:100%;height:100%;display:block;position:absolute;top:0;left:0;z-index:0;border-radius:0.6042296072507553% 0.6042296072507553% 0.6042296072507553% 0.6042296072507553% \/ 1.1235955056179776% 1.1235955056179776% 1.1235955056179776% 1.1235955056179776%\" id=\"el-ec6c2752-5cda-4713-b290-7c1b16379119\">\n<h1 class=\"fill text-wrapper\" style=\"white-space:pre-line;overflow-wrap:break-word;word-break:break-word;margin:0.9353474320241704% 0;font-family:&quot;Noto Sans&quot;,sans-serif;font-size:0.582524em;line-height:1.19;text-align:left;padding:0;color:#000000\"><span><span style=\"font-weight: 700; color: #006eb8\">Quelles sont les donn\u00e9es d\u00e9mographiques \u00e9mergentes ?<\/span><\/span><\/h1>\n<\/div>\n<\/div>\n<div style=\"position:absolute;pointer-events:none;left:11.65049%;top:60.19417%;width:11.16505%;height:7.44337%;opacity:1\">\n<div style=\"pointer-events:initial;width:100%;height:100%;display:block;position:absolute;top:0;left:0;z-index:0\" class=\"mask\" id=\"el-514ee884-c1fb-41ad-8fec-5de60940e237\">\n<div style=\"position:absolute;width:100.00004%;height:100%;left:-0.00002%;top:0%\" data-leaf-element=\"true\"><amp-img layout=\"fill\" src=\"https:\/\/lausanne.org\/wp-content\/uploads\/2024\/04\/State-of-the-Great-Commission-Icon.png\" alt=\"State-of-the-Great-Commission-Icon\" srcSet=\"https:\/\/lausanne.org\/wp-content\/uploads\/2024\/04\/State-of-the-Great-Commission-Icon.png 1080w,https:\/\/lausanne.org\/wp-content\/uploads\/2024\/04\/State-of-the-Great-Commission-Icon-1024x1024.png 1024w,https:\/\/lausanne.org\/wp-content\/uploads\/2024\/04\/State-of-the-Great-Commission-Icon-768x768.png 768w,https:\/\/lausanne.org\/wp-content\/uploads\/2024\/04\/State-of-the-Great-Commission-Icon-300x300.png 300w,https:\/\/lausanne.org\/wp-content\/uploads\/2024\/04\/State-of-the-Great-Commission-Icon-150x150.png 150w,https:\/\/lausanne.org\/wp-content\/uploads\/2024\/04\/State-of-the-Great-Commission-Icon-96x96.png 96w\" sizes=\"(min-width: 1024px) 5vh, 11vw\" disable-inline-width=\"true\"><\/amp-img><\/div>\n<\/div>\n<\/div>\n<\/div>\n<\/div>\n<p><\/amp-story-grid-layer><\/amp-story-page><amp-story-page id=\"cf517420-47cb-47b5-a90e-40cfb5d25b6b\"><amp-story-animation layout=\"nodisplay\" trigger=\"visibility\"><script type=\"application\/json\">[{\"selector\":\"#anim-cdd9fcdd-09ba-4c4b-b0ea-c06f6051e4fd\",\"keyframes\":{\"opacity\":[0,1]},\"delay\":0,\"duration\":2000,\"easing\":\"cubic-bezier(0.4, 0.4, 0.0, 1)\",\"fill\":\"both\"}]<\/script><\/amp-story-animation><amp-story-animation layout=\"nodisplay\" trigger=\"visibility\"><script type=\"application\/json\">[{\"selector\":\"#anim-ea70822a-f31e-4a96-8f12-803fdf510318\",\"keyframes\":{\"opacity\":[0,1]},\"delay\":0,\"duration\":2000,\"easing\":\"cubic-bezier(0.4, 0.4, 0.0, 1)\",\"fill\":\"both\"}]<\/script><\/amp-story-animation><amp-story-animation layout=\"nodisplay\" trigger=\"visibility\"><script type=\"application\/json\">[{\"selector\":\"#anim-c495fb61-e858-47db-9830-fc1e6fd6a24c\",\"keyframes\":{\"opacity\":[0,1]},\"delay\":0,\"duration\":2000,\"easing\":\"cubic-bezier(0.2, 0.6, 0.0, 1)\",\"fill\":\"both\"}]<\/script><\/amp-story-animation><amp-story-animation layout=\"nodisplay\" trigger=\"visibility\"><script type=\"application\/json\">[{\"selector\":\"#anim-24b45243-feb6-4442-8499-ec178f2acb5b\",\"keyframes\":{\"transform\":[\"translate3d(127.69953%, 0px, 0)\",\"translate3d(0px, 0px, 0)\"]},\"delay\":0,\"duration\":2000,\"easing\":\"cubic-bezier(0.2, 0.6, 0.0, 1)\",\"fill\":\"both\"}]<\/script><\/amp-story-animation><amp-story-grid-layer template=\"vertical\" aspect-ratio=\"412:618\" class=\"grid-layer\"><\/p>\n<div class=\"page-fullbleed-area\" style=\"background-color:#fff\">\n<div class=\"page-safe-area\">\n<div style=\"position:absolute;pointer-events:none;left:0;top:-9.25926%;width:100%;height:118.51852%;opacity:1\">\n<div style=\"pointer-events:initial;width:100%;height:100%;display:block;position:absolute;top:0;left:0;z-index:0\" class=\"mask\" id=\"el-3f4be1e3-98e9-4d7a-a56c-8036f2b09bef\">\n<div style=\"position:absolute;width:316.04939%;height:100%;left:-176.93495%;top:0%\" data-leaf-element=\"true\"><amp-video autoPlay=\"autoplay\" poster=\"https:\/\/cdn.coverr.co\/videos\/coverr-walking-up-the-stairs-4094\/thumbnail?width=1920\" artwork=\"https:\/\/cdn.coverr.co\/videos\/coverr-walking-up-the-stairs-4094\/thumbnail?width=1920\" title=\"A low-angle shot of a woman walking up the stairs into a well-lit area. \" alt=\"A low-angle shot of a woman walking up the stairs into a well-lit area. \" layout=\"fill\" loop=\"loop\" noaudio=\"noaudio\" id=\"el-3f4be1e3-98e9-4d7a-a56c-8036f2b09bef-media\"><source type=\"video\/mp4\" src=\"https:\/\/cdn.coverr.co\/videos\/coverr-walking-up-the-stairs-4094\/1080p.mp4\"\/><\/amp-video><\/div>\n<div class=\"element-overlay-area\" style=\"background-color:rgba(0,110,184,0.5)\"><\/div>\n<\/div>\n<\/div>\n<div class=\"page-background-overlay-area\" style=\"background-color:rgba(0,110,184,0.5)\"><\/div>\n<\/div>\n<\/div>\n<p><\/amp-story-grid-layer><amp-story-grid-layer template=\"vertical\" aspect-ratio=\"412:618\" class=\"grid-layer\"><\/p>\n<div class=\"page-fullbleed-area\">\n<div class=\"page-safe-area\">\n<div style=\"position:absolute;pointer-events:none;left:-37.37864%;top:8.09061%;width:125.72816%;height:83.81877%;opacity:1\">\n<div id=\"anim-cdd9fcdd-09ba-4c4b-b0ea-c06f6051e4fd\" class=\"animation-wrapper\" style=\"width:100%;height:100%;display:block;position:absolute;top:0;left:0;--initial-opacity:0;--initial-transform:none\">\n<div style=\"pointer-events:initial;width:100%;height:100%;display:block;position:absolute;top:0;left:0;z-index:0;clip-path:url(#el-e384a1c3-a1aa-4f41-baae-84757c5bd87f);-webkit-clip-path:url(#el-e384a1c3-a1aa-4f41-baae-84757c5bd87f)\" class=\"mask\"><svg width=\"0\" height=\"0\"><defs><clipPath id=\"el-e384a1c3-a1aa-4f41-baae-84757c5bd87f\" transform=\"scale(1 1)\" clipPathUnits=\"objectBoundingBox\"><path d=\"M 0,0.5 a 0.5,0.5 0 1,0 1,0 a 0.5,0.5 0 1,0 -1,0 Z\"><\/path><\/clipPath><\/defs><\/svg><\/p>\n<div class=\"fill\" style=\"background-color:#fff;will-change:transform\"><\/div>\n<\/div>\n<\/div>\n<\/div>\n<div style=\"position:absolute;pointer-events:none;left:11.65049%;top:30.58252%;width:58.00971%;height:38.83495%;opacity:1\">\n<div id=\"anim-ea70822a-f31e-4a96-8f12-803fdf510318\" class=\"animation-wrapper\" style=\"width:100%;height:100%;display:block;position:absolute;top:0;left:0;--initial-opacity:0;--initial-transform:none\">\n<div style=\"pointer-events:initial;width:100%;height:100%;display:block;position:absolute;top:0;left:0;z-index:0;border-radius:0.8368200836820083% 0.8368200836820083% 0.8368200836820083% 0.8368200836820083% \/ 0.8333333333333334% 0.8333333333333334% 0.8333333333333334% 0.8333333333333334%\" id=\"el-91a18df6-db18-421c-bbfe-44b99e82f8bc\">\n<h2 class=\"fill text-wrapper\" style=\"white-space:pre-line;overflow-wrap:break-word;word-break:break-word;margin:0.9489539748953977% 0;font-family:&quot;Noto Sans&quot;,sans-serif;font-size:0.453074em;line-height:1.2;text-align:left;padding:0;color:#000000\"><span>\u00c0 l\u2019horizon 2050, des changements \u00e9conomiques et d\u00e9mographiques majeurs risquent de fa\u00e7onner la culture mondiale.<\/span><\/h2>\n<\/div>\n<\/div>\n<\/div>\n<div style=\"position:absolute;pointer-events:none;left:33.98058%;top:2.26537%;width:51.69903%;height:33.17152%;opacity:1\">\n<div id=\"anim-c495fb61-e858-47db-9830-fc1e6fd6a24c\" class=\"animation-wrapper\" style=\"width:100%;height:100%;display:block;position:absolute;top:0;left:0;--initial-opacity:0;--initial-transform:none\">\n<div id=\"anim-24b45243-feb6-4442-8499-ec178f2acb5b\" class=\"animation-wrapper\" style=\"width:100%;height:100%;display:block;position:absolute;top:0;left:0;--initial-opacity:1;--initial-transform:translate3d(127.69953%, 0px, 0)\">\n<div style=\"pointer-events:initial;width:100%;height:100%;display:block;position:absolute;top:0;left:0;z-index:0\" class=\"mask\" id=\"el-2daa7954-bee0-4d2c-8979-87bedffc5f53\">\n<div style=\"position:absolute;width:100%;height:103.90244%;left:0%;top:-1.95122%\" data-leaf-element=\"true\"><amp-img layout=\"fill\" src=\"https:\/\/lausanne.org\/wp-content\/uploads\/2024\/04\/State-of-the-Great-Commission-Emerging-Demographics-Icon.png\" alt=\"State-of-the-Great-Commission-Emerging-Demographics-Icon\" srcSet=\"https:\/\/lausanne.org\/wp-content\/uploads\/2024\/04\/State-of-the-Great-Commission-Emerging-Demographics-Icon.png 1080w,https:\/\/lausanne.org\/wp-content\/uploads\/2024\/04\/State-of-the-Great-Commission-Emerging-Demographics-Icon-1024x1024.png 1024w,https:\/\/lausanne.org\/wp-content\/uploads\/2024\/04\/State-of-the-Great-Commission-Emerging-Demographics-Icon-768x768.png 768w,https:\/\/lausanne.org\/wp-content\/uploads\/2024\/04\/State-of-the-Great-Commission-Emerging-Demographics-Icon-300x300.png 300w,https:\/\/lausanne.org\/wp-content\/uploads\/2024\/04\/State-of-the-Great-Commission-Emerging-Demographics-Icon-150x150.png 150w,https:\/\/lausanne.org\/wp-content\/uploads\/2024\/04\/State-of-the-Great-Commission-Emerging-Demographics-Icon-96x96.png 96w\" sizes=\"(min-width: 1024px) 23vh, 52vw\" disable-inline-width=\"true\"><\/amp-img><\/div>\n<\/div>\n<\/div>\n<\/div>\n<\/div>\n<\/div>\n<\/div>\n<p><\/amp-story-grid-layer><\/amp-story-page><amp-story-page id=\"c8e57d34-01c1-4417-8e2c-1a537f4d1880\"><amp-story-grid-layer template=\"vertical\" aspect-ratio=\"412:618\" class=\"grid-layer\"><\/p>\n<div class=\"page-fullbleed-area\" style=\"background-color:#7c695b\">\n<div class=\"page-safe-area\">\n<div style=\"position:absolute;pointer-events:none;left:0;top:-9.25926%;width:100%;height:118.51852%;opacity:1\">\n<div style=\"pointer-events:initial;width:100%;height:100%;display:block;position:absolute;top:0;left:0;z-index:0\" class=\"mask\" id=\"el-58235e51-1798-467d-9cde-61799b2b0138\">\n<div style=\"position:absolute;width:375.09158%;height:100%;left:-164.14835%;top:0%\" data-leaf-element=\"true\"><amp-img layout=\"fill\" src=\"https:\/\/lausanne.org\/wp-content\/uploads\/2024\/04\/Lausanne-rise-of-africa-image2.jpg\" alt=\"\" srcSet=\"https:\/\/lausanne.org\/wp-content\/uploads\/2024\/04\/Lausanne-rise-of-africa-image2.jpg 1920w,https:\/\/lausanne.org\/wp-content\/uploads\/2024\/04\/Lausanne-rise-of-africa-image2-1536x728.jpg 1536w,https:\/\/lausanne.org\/wp-content\/uploads\/2024\/04\/Lausanne-rise-of-africa-image2-1400x664.jpg 1400w,https:\/\/lausanne.org\/wp-content\/uploads\/2024\/04\/Lausanne-rise-of-africa-image2-1024x485.jpg 1024w,https:\/\/lausanne.org\/wp-content\/uploads\/2024\/04\/Lausanne-rise-of-africa-image2-768x364.jpg 768w,https:\/\/lausanne.org\/wp-content\/uploads\/2024\/04\/Lausanne-rise-of-africa-image2-300x142.jpg 300w,https:\/\/lausanne.org\/wp-content\/uploads\/2024\/04\/Lausanne-rise-of-africa-image2-150x71.jpg 150w\" sizes=\"(min-width: 1024px) 169vh, 376vw\" disable-inline-width=\"true\"><\/amp-img><\/div>\n<div class=\"element-overlay-area\" style=\"background-image:linear-gradient(0.5turn, rgba(0,0,0,0) 0%, rgba(0,0,0,0.7) 100%)\"><\/div>\n<\/div>\n<\/div>\n<div class=\"page-background-overlay-area\" style=\"background-image:linear-gradient(0.5turn, rgba(0,0,0,0) 0%, rgba(0,0,0,0.7) 100%)\"><\/div>\n<\/div>\n<\/div>\n<p><\/amp-story-grid-layer><amp-story-grid-layer template=\"vertical\" aspect-ratio=\"412:618\" class=\"grid-layer\"><\/p>\n<div class=\"page-fullbleed-area\">\n<div class=\"page-safe-area\">\n<div style=\"position:absolute;pointer-events:none;left:11.65049%;top:49.83819%;width:73.05825%;height:41.10032%;opacity:1\">\n<div style=\"pointer-events:initial;width:100%;height:100%;display:block;position:absolute;top:0;left:0;z-index:0;border-radius:0.6644518272425249% 0.6644518272425249% 0.6644518272425249% 0.6644518272425249% \/ 0.7874015748031495% 0.7874015748031495% 0.7874015748031495% 0.7874015748031495%\" id=\"el-ab063d38-4571-4df3-8d8e-1bdd856a2335\">\n<h3 class=\"fill text-wrapper\" style=\"white-space:pre-line;overflow-wrap:break-word;word-break:break-word;margin:0.6996677740863799% 0;font-family:&quot;Noto Sans&quot;,sans-serif;font-size:0.420712em;line-height:1.2;text-align:left;padding:0;color:#000000\"><span><span style=\"color: #fff\">Avec des taux de natalit\u00e9 \u00e9lev\u00e9s et soutenus gr\u00e2ce aux progr\u00e8s m\u00e9dicaux, l\u2019Afrique subsaharienne deviendra la r\u00e9gion la plus peupl\u00e9e du monde d\u2019ici la fin du si\u00e8cle.<\/span><\/span><\/h3>\n<\/div>\n<\/div>\n<div style=\"position:absolute;pointer-events:none;left:11.65049%;top:42.0712%;width:75.97087%;height:6.14887%;opacity:1\">\n<div style=\"pointer-events:initial;width:100%;height:100%;display:block;position:absolute;top:0;left:0;z-index:0;border-radius:0.6389776357827476% 0.6389776357827476% 0.6389776357827476% 0.6389776357827476% \/ 5.263157894736842% 5.263157894736842% 5.263157894736842% 5.263157894736842%\" id=\"el-3253904e-c168-4e9f-b5b1-aee4b342bf11\">\n<h2 class=\"fill text-wrapper\" style=\"white-space:pre-line;overflow-wrap:break-word;word-break:break-word;margin:0.7246006389776359% 0;font-family:&quot;Noto Sans&quot;,sans-serif;font-size:0.453074em;line-height:1.2;text-align:left;padding:0;color:#000000\"><span><span style=\"font-weight: 700; color: #fff\">Population Mondiale<\/span><\/span><\/h2>\n<\/div>\n<\/div>\n<\/div>\n<\/div>\n<p><\/amp-story-grid-layer><amp-story-page-outlink layout=\"nodisplay\" cta-image=\"https:\/\/lausanne.org\/wp-content\/uploads\/2024\/04\/cropped-State-of-the-Great-Commission-Icon.png\" theme=\"light\"><a href=\"https:\/\/lausanne.org\/fr\/report\/quelles-sont-les-donnees-demographiques-emergentes\/statistiques-population-mondiale\" rel=\"\">Apprendre Encore Plus<\/a><\/amp-story-page-outlink><\/amp-story-page><amp-story-page id=\"9b18d631-5c16-4ad0-baf9-9054609849c1\"><amp-story-animation layout=\"nodisplay\" trigger=\"visibility\"><script type=\"application\/json\">[{\"selector\":\"#anim-703ce745-f7b9-4d9a-8dd5-ad609894aad0\",\"keyframes\":{\"transform\":[\"scale(1)\",\"scale(1.5)\",\"scale(0.95)\",\"scale(1)\"],\"offset\":[0,0.33,0.66,1]},\"delay\":0,\"duration\":1450,\"easing\":\"ease-in-out\",\"fill\":\"both\",\"iterations\":1}]<\/script><\/amp-story-animation><amp-story-grid-layer template=\"vertical\" aspect-ratio=\"412:618\" class=\"grid-layer\"><\/p>\n<div class=\"page-fullbleed-area\" style=\"background-color:#fff\">\n<div class=\"page-safe-area\">\n<div style=\"position:absolute;pointer-events:none;left:0;top:-9.25926%;width:100%;height:118.51852%;opacity:1\">\n<div style=\"pointer-events:initial;width:100%;height:100%;display:block;position:absolute;top:0;left:0;z-index:0\" class=\"mask\" id=\"el-8d504f06-6955-4c47-8695-b2f22ba5b259\">\n<div class=\"fill\" style=\"will-change:transform\"><\/div>\n<\/div>\n<\/div>\n<\/div>\n<\/div>\n<p><\/amp-story-grid-layer><amp-story-grid-layer template=\"vertical\" aspect-ratio=\"412:618\" class=\"grid-layer\"><\/p>\n<div class=\"page-fullbleed-area\">\n<div class=\"page-safe-area\">\n<div style=\"position:absolute;pointer-events:none;left:-39.56311%;top:0;width:128.8835%;height:53.39806%;opacity:1\">\n<div style=\"pointer-events:initial;width:100%;height:100%;display:block;position:absolute;top:0;left:0;z-index:0\" class=\"mask\" id=\"el-c27d546b-aee0-48de-ba63-afe1f48f224f\">\n<div style=\"position:absolute;width:112.14477%;height:100%;left:-6.07238%;top:0%\" data-leaf-element=\"true\"><amp-img layout=\"fill\" src=\"https:\/\/lausanne.org\/wp-content\/uploads\/2024\/06\/Infographic_FR_Global_Aging_Projected_Population_Growth.jpg\" alt=\"Graph showing growth of Christian denominations\" srcSet=\"https:\/\/lausanne.org\/wp-content\/uploads\/2024\/06\/Infographic_FR_Global_Aging_Projected_Population_Growth.jpg 1920w,https:\/\/lausanne.org\/wp-content\/uploads\/2024\/06\/Infographic_FR_Global_Aging_Projected_Population_Growth-1536x851.jpg 1536w,https:\/\/lausanne.org\/wp-content\/uploads\/2024\/06\/Infographic_FR_Global_Aging_Projected_Population_Growth-1400x776.jpg 1400w,https:\/\/lausanne.org\/wp-content\/uploads\/2024\/06\/Infographic_FR_Global_Aging_Projected_Population_Growth-1024x567.jpg 1024w,https:\/\/lausanne.org\/wp-content\/uploads\/2024\/06\/Infographic_FR_Global_Aging_Projected_Population_Growth-768x426.jpg 768w,https:\/\/lausanne.org\/wp-content\/uploads\/2024\/06\/Infographic_FR_Global_Aging_Projected_Population_Growth-300x166.jpg 300w,https:\/\/lausanne.org\/wp-content\/uploads\/2024\/06\/Infographic_FR_Global_Aging_Projected_Population_Growth-150x83.jpg 150w\" sizes=\"(min-width: 1024px) 58vh, 129vw\" disable-inline-width=\"true\"><\/amp-img><\/div>\n<\/div>\n<\/div>\n<div style=\"position:absolute;pointer-events:none;left:11.40777%;top:67.31392%;width:76.69903%;height:25.88997%;opacity:1\">\n<div style=\"pointer-events:initial;width:100%;height:100%;display:block;position:absolute;top:0;left:0;z-index:0;border-radius:0.6329113924050633% 0.6329113924050633% 0.6329113924050633% 0.6329113924050633% \/ 1.25% 1.25% 1.25% 1.25%\" id=\"el-9033db5f-12f7-42f1-9728-b924a637d4ad\">\n<h3 class=\"fill text-wrapper\" style=\"white-space:pre-line;overflow-wrap:break-word;word-break:break-word;margin:0.6664556962025326% 0;font-family:&quot;Noto Sans&quot;,sans-serif;font-size:0.420712em;line-height:1.2;text-align:left;padding:0;color:#000000\"><span>L\u2019une des tendances d\u00e9mographiques les plus transformatrices de notre \u00e9poque est le vieillissement mondial.<\/span><\/h3>\n<\/div>\n<\/div>\n<div style=\"position:absolute;pointer-events:none;left:11.40777%;top:59.38511%;width:90.04854%;height:6.14887%;opacity:1\">\n<div style=\"pointer-events:initial;width:100%;height:100%;display:block;position:absolute;top:0;left:0;z-index:0;border-radius:0.5390835579514826% 0.5390835579514826% 0.5390835579514826% 0.5390835579514826% \/ 5.263157894736842% 5.263157894736842% 5.263157894736842% 5.263157894736842%\" id=\"el-78b65307-efa9-4b55-85c9-5b8549f0b6d1\">\n<h2 class=\"fill text-wrapper\" style=\"white-space:pre-line;overflow-wrap:break-word;word-break:break-word;margin:0.6113207547169813% 0;font-family:&quot;Noto Sans&quot;,sans-serif;font-size:0.453074em;line-height:1.2;text-align:left;padding:0;color:#000000\"><span><span style=\"font-weight: 700\">Vieillissement Mondial<\/span><\/span><\/h2>\n<\/div>\n<\/div>\n<div style=\"position:absolute;pointer-events:none;left:67.71845%;top:2.589%;width:23.78641%;height:15.85761%;opacity:1\">\n<div id=\"anim-703ce745-f7b9-4d9a-8dd5-ad609894aad0\" class=\"animation-wrapper\" style=\"width:100%;height:100%;display:block;position:absolute;top:0;left:0;--initial-opacity:1;--initial-transform:scale(1)\">\n<div style=\"pointer-events:initial;width:100%;height:100%;display:block;position:absolute;top:0;left:0;z-index:0\">\n<div style=\"pointer-events:none;width:112.24489795918366%;height:112.24489795918366%;display:block;position:absolute;top:-6.122448979591832%;left:-6.122448979591832%;z-index:1;opacity:1;transform:\"><svg viewBox=\"0 0 1.1224489795918366 1.1224489795918366\" width=\"100%\" height=\"100%\" preserveAspectRatio=\"none\" style=\"position:absolute;top:0;left:0;right:0;bottom:0;height:100%;width:100%\"><g transform=\"translate(0.061224489795918324,0.061224489795918324)\"><path d=\"M 0,0.5 a 0.5,0.5 0 1,0 1,0 a 0.5,0.5 0 1,0 -1,0 Z\" stroke=\"rgba(0,23,112,1)\" stroke-width=\"4\" vector-effect=\"non-scaling-stroke\" fill=\"transparent\"><\/path><\/g><\/svg><\/div>\n<div style=\"pointer-events:initial;width:100%;height:100%;display:block;position:absolute;top:0;left:0;z-index:0;opacity:1;clip-path:url(#el-e49f0a20-06ce-4ecb-bce7-7a95e6594645);-webkit-clip-path:url(#el-e49f0a20-06ce-4ecb-bce7-7a95e6594645)\" class=\"mask\"><svg width=\"0\" height=\"0\"><defs><clipPath id=\"el-e49f0a20-06ce-4ecb-bce7-7a95e6594645\" transform=\"scale(1 1)\" clipPathUnits=\"objectBoundingBox\"><path d=\"M 0,0.5 a 0.5,0.5 0 1,0 1,0 a 0.5,0.5 0 1,0 -1,0 Z\"><\/path><\/clipPath><\/defs><\/svg><\/p>\n<div class=\"fill\" style=\"background-color:rgba(0,0,0,0);will-change:transform\"><\/div>\n<\/div>\n<\/div>\n<\/div>\n<\/div>\n<\/div>\n<\/div>\n<p><\/amp-story-grid-layer><amp-story-page-outlink layout=\"nodisplay\" cta-image=\"https:\/\/lausanne.org\/wp-content\/uploads\/2024\/04\/cropped-State-of-the-Great-Commission-Icon.png\"><a href=\"https:\/\/lausanne.org\/fr\/report\/quelles-sont-les-donnees-demographiques-emergentes\/statistiques-mondial-vieillissement\" rel=\"\">Apprendre Encore Plus<\/a><\/amp-story-page-outlink><\/amp-story-page><amp-story-page id=\"a8fd6878-6d4d-46a5-8dad-400ef281e6d9\"><amp-story-grid-layer template=\"vertical\" aspect-ratio=\"412:618\" class=\"grid-layer\"><\/p>\n<div class=\"page-fullbleed-area\" style=\"background-color:#fff\">\n<div class=\"page-safe-area\">\n<div style=\"position:absolute;pointer-events:none;left:0;top:-9.25926%;width:100%;height:118.51852%;opacity:1\">\n<div style=\"pointer-events:initial;width:100%;height:100%;display:block;position:absolute;top:0;left:0;z-index:0\" class=\"mask\" id=\"el-0e1eec35-a655-43b1-9366-cd053952cb58\">\n<div class=\"fill\" style=\"will-change:transform\"><\/div>\n<\/div>\n<\/div>\n<\/div>\n<\/div>\n<p><\/amp-story-grid-layer><amp-story-grid-layer template=\"vertical\" aspect-ratio=\"412:618\" class=\"grid-layer\"><\/p>\n<div class=\"page-fullbleed-area\">\n<div class=\"page-safe-area\">\n<div style=\"position:absolute;pointer-events:none;left:-72.3301%;top:38.67314%;width:163.34951%;height:56.14887%;opacity:1\">\n<div style=\"pointer-events:initial;width:100%;height:100%;display:block;position:absolute;top:0;left:0;z-index:0\" class=\"mask\" id=\"el-45ecd47f-7c62-4bfe-9607-2a836b7b70f4\">\n<div style=\"position:absolute;width:101.22244%;height:100%;left:-0.61122%;top:0%\" data-leaf-element=\"true\"><amp-img layout=\"fill\" src=\"https:\/\/lausanne.org\/wp-content\/uploads\/2024\/04\/State_of_the_Great_Commission_New_Middle_Class_Global_Middle_Class_1950-2030.jpg\" alt=\"Map contrasting theological school distribution and population density.\" srcSet=\"https:\/\/lausanne.org\/wp-content\/uploads\/2024\/04\/State_of_the_Great_Commission_New_Middle_Class_Global_Middle_Class_1950-2030.jpg 1920w,https:\/\/lausanne.org\/wp-content\/uploads\/2024\/04\/State_of_the_Great_Commission_New_Middle_Class_Global_Middle_Class_1950-2030-1536x782.jpg 1536w,https:\/\/lausanne.org\/wp-content\/uploads\/2024\/04\/State_of_the_Great_Commission_New_Middle_Class_Global_Middle_Class_1950-2030-1400x713.jpg 1400w,https:\/\/lausanne.org\/wp-content\/uploads\/2024\/04\/State_of_the_Great_Commission_New_Middle_Class_Global_Middle_Class_1950-2030-1024x522.jpg 1024w,https:\/\/lausanne.org\/wp-content\/uploads\/2024\/04\/State_of_the_Great_Commission_New_Middle_Class_Global_Middle_Class_1950-2030-768x391.jpg 768w,https:\/\/lausanne.org\/wp-content\/uploads\/2024\/04\/State_of_the_Great_Commission_New_Middle_Class_Global_Middle_Class_1950-2030-300x153.jpg 300w\" sizes=\"(min-width: 1024px) 74vh, 163vw\" disable-inline-width=\"true\"><\/amp-img><\/div>\n<\/div>\n<\/div>\n<div style=\"position:absolute;pointer-events:none;left:11.65049%;top:13.1068%;width:79.12621%;height:38.99676%;opacity:1\">\n<div style=\"pointer-events:initial;width:100%;height:100%;display:block;position:absolute;top:0;left:0;z-index:0;border-radius:0.6134969325153374% 0.6134969325153374% 0.6134969325153374% 0.6134969325153374% \/ 0.8298755186721992% 0.8298755186721992% 0.8298755186721992% 0.8298755186721992%\" id=\"el-b76d4eaa-79f5-43eb-bcc5-61e891efc92c\">\n<h3 class=\"fill text-wrapper\" style=\"white-space:pre-line;overflow-wrap:break-word;word-break:break-word;margin:0.5466257668711662% 0;font-family:&quot;Noto Sans&quot;,sans-serif;font-size:0.355987em;line-height:1.2;text-align:left;padding:0;color:#000000\"><span>Les in\u00e9galit\u00e9s de revenus demeurent un d\u00e9fi et de nombreuses personnes continuent de vivre dans la pauvret\u00e9, mais le dernier demi-si\u00e8cle a \u00e9t\u00e9 t\u00e9moin d\u2019une transformation dans la r\u00e9partition de la richesse mondiale.<\/span><\/h3>\n<\/div>\n<\/div>\n<div style=\"position:absolute;pointer-events:none;left:11.65049%;top:0;width:86.16505%;height:11.65049%;opacity:1\">\n<div style=\"pointer-events:initial;width:100%;height:100%;display:block;position:absolute;top:0;left:0;z-index:0;border-radius:0.5633802816901409% 0.5633802816901409% 0.5633802816901409% 0.5633802816901409% \/ 2.7777777777777777% 2.7777777777777777% 2.7777777777777777% 2.7777777777777777%\" id=\"el-15d6764a-1ef7-4b73-8596-8af09cf6951c\">\n<h2 class=\"fill text-wrapper\" style=\"white-space:pre-line;overflow-wrap:break-word;word-break:break-word;margin:0.6388732394366199% 0;font-family:&quot;Noto Sans&quot;,sans-serif;font-size:0.453074em;line-height:1.2;text-align:left;padding:0;color:#000000\"><span><span style=\"font-weight: 700\">Une Nouvelle Classe Moyenne<\/span><\/span><\/h2>\n<\/div>\n<\/div>\n<\/div>\n<\/div>\n<p><\/amp-story-grid-layer><amp-story-page-outlink layout=\"nodisplay\" cta-image=\"https:\/\/lausanne.org\/wp-content\/uploads\/2024\/04\/cropped-State-of-the-Great-Commission-Icon.png\"><a href=\"https:\/\/lausanne.org\/fr\/report\/quelles-sont-les-donnees-demographiques-emergentes\/statistiques-nouvelle-classe-moyenne\" rel=\"\">Apprendre Encore Plus<\/a><\/amp-story-page-outlink><\/amp-story-page><amp-story-page id=\"dd5bf1ec-e87e-4994-88b5-3b774414cecb\"><amp-story-grid-layer template=\"vertical\" aspect-ratio=\"412:618\" class=\"grid-layer\"><\/p>\n<div class=\"page-fullbleed-area\" style=\"background-color:#fff\">\n<div class=\"page-safe-area\">\n<div style=\"position:absolute;pointer-events:none;left:0;top:-9.25926%;width:100%;height:118.51852%;opacity:1\">\n<div style=\"pointer-events:initial;width:100%;height:100%;display:block;position:absolute;top:0;left:0;z-index:0\" class=\"mask\" id=\"el-f00310bc-1341-41e5-b09c-027b8c5595f6\">\n<div class=\"fill\" style=\"will-change:transform\"><\/div>\n<\/div>\n<\/div>\n<\/div>\n<\/div>\n<p><\/amp-story-grid-layer><amp-story-grid-layer template=\"vertical\" aspect-ratio=\"412:618\" class=\"grid-layer\"><\/p>\n<div class=\"page-fullbleed-area\">\n<div class=\"page-safe-area\">\n<div style=\"position:absolute;pointer-events:none;left:-2.42718%;top:-16.01942%;width:134.2233%;height:50.16181%;opacity:1\">\n<div style=\"pointer-events:initial;width:100%;height:100%;display:block;position:absolute;top:0;left:0;z-index:0\" class=\"mask\" id=\"el-666d8b8f-2bcc-4125-a154-177acab9ec7c\">\n<div style=\"position:absolute;width:109.04873%;height:100%;left:-4.52437%;top:0%\" data-leaf-element=\"true\"><amp-img layout=\"fill\" src=\"https:\/\/lausanne.org\/wp-content\/uploads\/2024\/06\/Infographic_FR_Youth_Global_Median_Age_2021.jpg\" alt=\"Graph showing growth of Christian denominations\" srcSet=\"https:\/\/lausanne.org\/wp-content\/uploads\/2024\/06\/Infographic_FR_Youth_Global_Median_Age_2021.jpg 1920w,https:\/\/lausanne.org\/wp-content\/uploads\/2024\/06\/Infographic_FR_Youth_Global_Median_Age_2021-1536x790.jpg 1536w,https:\/\/lausanne.org\/wp-content\/uploads\/2024\/06\/Infographic_FR_Youth_Global_Median_Age_2021-1400x720.jpg 1400w,https:\/\/lausanne.org\/wp-content\/uploads\/2024\/06\/Infographic_FR_Youth_Global_Median_Age_2021-1024x526.jpg 1024w,https:\/\/lausanne.org\/wp-content\/uploads\/2024\/06\/Infographic_FR_Youth_Global_Median_Age_2021-768x395.jpg 768w,https:\/\/lausanne.org\/wp-content\/uploads\/2024\/06\/Infographic_FR_Youth_Global_Median_Age_2021-300x154.jpg 300w,https:\/\/lausanne.org\/wp-content\/uploads\/2024\/06\/Infographic_FR_Youth_Global_Median_Age_2021-150x77.jpg 150w\" sizes=\"(min-width: 1024px) 60vh, 134vw\" disable-inline-width=\"true\"><\/amp-img><\/div>\n<\/div>\n<\/div>\n<div style=\"position:absolute;pointer-events:none;left:11.40777%;top:43.85113%;width:76.69903%;height:47.24919%;opacity:1\">\n<div style=\"pointer-events:initial;width:100%;height:100%;display:block;position:absolute;top:0;left:0;z-index:0;border-radius:0.6329113924050633% 0.6329113924050633% 0.6329113924050633% 0.6329113924050633% \/ 0.684931506849315% 0.684931506849315% 0.684931506849315% 0.684931506849315%\" id=\"el-951c2c96-576f-491b-be36-8f822665702d\">\n<h3 class=\"fill text-wrapper\" style=\"white-space:pre-line;overflow-wrap:break-word;word-break:break-word;margin:0.6151898734177224% 0;font-family:&quot;Noto Sans&quot;,sans-serif;font-size:0.388350em;line-height:1.2;text-align:left;padding:0;color:#000000\"><span>M\u00eame si leurs populations vont vieillir dans les d\u00e9cennies \u00e0 venir, l\u2019Am\u00e9rique latine, l\u2019Asie et l\u2019Oc\u00e9anie comptent \u00e9galement en 2022 un nombre bien plus \u00e9lev\u00e9 de personnes de moins de 15 ans que de personnes de plus de 65 ans.<\/span><\/h3>\n<\/div>\n<\/div>\n<div style=\"position:absolute;pointer-events:none;left:11.40777%;top:35.92233%;width:90.04854%;height:6.14887%;opacity:1\">\n<div style=\"pointer-events:initial;width:100%;height:100%;display:block;position:absolute;top:0;left:0;z-index:0;border-radius:0.5390835579514826% 0.5390835579514826% 0.5390835579514826% 0.5390835579514826% \/ 5.263157894736842% 5.263157894736842% 5.263157894736842% 5.263157894736842%\" id=\"el-ff8e4a4a-75d3-4c43-a38e-c6875fa7717b\">\n<h2 class=\"fill text-wrapper\" style=\"white-space:pre-line;overflow-wrap:break-word;word-break:break-word;margin:0.6113207547169813% 0;font-family:&quot;Noto Sans&quot;,sans-serif;font-size:0.453074em;line-height:1.2;text-align:left;padding:0;color:#000000\"><span><span style=\"font-weight: 700\">Jeunesse<\/span><\/span><\/h2>\n<\/div>\n<\/div>\n<\/div>\n<\/div>\n<p><\/amp-story-grid-layer><amp-story-page-outlink layout=\"nodisplay\" cta-image=\"https:\/\/lausanne.org\/wp-content\/uploads\/2024\/04\/cropped-State-of-the-Great-Commission-Icon.png\"><a href=\"https:\/\/lausanne.org\/fr\/report\/quelles-sont-les-donnees-demographiques-emergentes\" rel=\"\">Apprendre Encore Plus<\/a><\/amp-story-page-outlink><\/amp-story-page><amp-story-page id=\"6306d102-cbc2-45ec-ac8b-bb2e5f4fed72\"><amp-story-animation layout=\"nodisplay\" trigger=\"visibility\"><script type=\"application\/json\">[{\"selector\":\"#anim-1ab03ce9-8e93-43a0-ab37-f06d1834e542\",\"keyframes\":{\"opacity\":[0,1]},\"delay\":0,\"duration\":2000,\"easing\":\"cubic-bezier(0.4, 0.4, 0.0, 1)\",\"fill\":\"both\"}]<\/script><\/amp-story-animation><amp-story-grid-layer template=\"vertical\" aspect-ratio=\"412:618\" class=\"grid-layer\"><\/p>\n<div class=\"page-fullbleed-area\" style=\"background-color:#d5d2d0\">\n<div class=\"page-safe-area\">\n<div style=\"position:absolute;pointer-events:none;left:0;top:-9.25926%;width:100%;height:118.51852%;opacity:1\">\n<div style=\"pointer-events:initial;width:100%;height:100%;display:block;position:absolute;top:0;left:0;z-index:0\" class=\"mask\" id=\"el-71b6f59b-6480-4809-a7ad-8c829fc6f7ac\">\n<div style=\"position:absolute;width:375.09158%;height:100%;left:-98.44323%;top:0%\" data-leaf-element=\"true\"><amp-img layout=\"fill\" src=\"https:\/\/lausanne.org\/wp-content\/uploads\/2024\/04\/Lausanne-Global-Aging-Population-image-1.jpg\" alt=\"Lausanne-Global-Aging-Population-image-1\" srcSet=\"https:\/\/lausanne.org\/wp-content\/uploads\/2024\/04\/Lausanne-Global-Aging-Population-image-1.jpg 1920w,https:\/\/lausanne.org\/wp-content\/uploads\/2024\/04\/Lausanne-Global-Aging-Population-image-1-1536x728.jpg 1536w,https:\/\/lausanne.org\/wp-content\/uploads\/2024\/04\/Lausanne-Global-Aging-Population-image-1-1400x664.jpg 1400w,https:\/\/lausanne.org\/wp-content\/uploads\/2024\/04\/Lausanne-Global-Aging-Population-image-1-1024x485.jpg 1024w,https:\/\/lausanne.org\/wp-content\/uploads\/2024\/04\/Lausanne-Global-Aging-Population-image-1-768x364.jpg 768w,https:\/\/lausanne.org\/wp-content\/uploads\/2024\/04\/Lausanne-Global-Aging-Population-image-1-300x142.jpg 300w,https:\/\/lausanne.org\/wp-content\/uploads\/2024\/04\/Lausanne-Global-Aging-Population-image-1-150x71.jpg 150w\" sizes=\"(min-width: 1024px) 169vh, 376vw\" disable-inline-width=\"true\"><\/amp-img><\/div>\n<div class=\"element-overlay-area\" style=\"background-image:linear-gradient(0.5turn, rgba(36,31,33,0) 26%, rgba(36,31,33,0.8) 76%)\"><\/div>\n<\/div>\n<\/div>\n<div class=\"page-background-overlay-area\" style=\"background-image:linear-gradient(0.5turn, rgba(36,31,33,0) 26%, rgba(36,31,33,0.8) 76%)\"><\/div>\n<\/div>\n<\/div>\n<p><\/amp-story-grid-layer><amp-story-grid-layer template=\"vertical\" aspect-ratio=\"412:618\" class=\"grid-layer\"><\/p>\n<div class=\"page-fullbleed-area\">\n<div class=\"page-safe-area\">\n<div style=\"position:absolute;pointer-events:none;left:11.65049%;top:57.44337%;width:74.02913%;height:28.64078%;opacity:1\">\n<div id=\"anim-1ab03ce9-8e93-43a0-ab37-f06d1834e542\" class=\"animation-wrapper\" style=\"width:100%;height:100%;display:block;position:absolute;top:0;left:0;--initial-opacity:0;--initial-transform:none\">\n<div style=\"pointer-events:initial;width:100%;height:100%;display:block;position:absolute;top:0;left:0;z-index:0;border-radius:0.6557377049180327% 0.6557377049180327% 0.6557377049180327% 0.6557377049180327% \/ 1.1299435028248588% 1.1299435028248588% 1.1299435028248588% 1.1299435028248588%\" id=\"el-23ebebb6-1c97-4953-a869-fff82a1e2422\">\n<h3 class=\"fill text-wrapper\" style=\"white-space:pre-line;overflow-wrap:break-word;word-break:break-word;margin:0.6373770491803288% 0;font-family:&quot;Noto Sans&quot;,sans-serif;font-size:0.388350em;line-height:1.2;text-align:left;padding:0;color:#000000\"><span><span style=\"color: #fff\">Le vieillissement mondial se produit rapidement et constituera ind\u00e9niablement une force d\u00e9ter<\/span><span style=\"color: #fff\">minante pour notre monde futur.<\/span><\/span><\/h3>\n<\/div>\n<\/div>\n<\/div>\n<div style=\"position:absolute;pointer-events:none;left:11.40777%;top:44.17476%;width:86.16505%;height:11.65049%;opacity:1\">\n<div style=\"pointer-events:initial;width:100%;height:100%;display:block;position:absolute;top:0;left:0;z-index:0;border-radius:0.5633802816901409% 0.5633802816901409% 0.5633802816901409% 0.5633802816901409% \/ 2.7777777777777777% 2.7777777777777777% 2.7777777777777777% 2.7777777777777777%\" id=\"el-8d3a7125-205a-43f9-ae66-bd432931afd1\">\n<h2 class=\"fill text-wrapper\" style=\"white-space:pre-line;overflow-wrap:break-word;word-break:break-word;margin:0.6388732394366199% 0;font-family:&quot;Noto Sans&quot;,sans-serif;font-size:0.453074em;line-height:1.2;text-align:left;padding:0;color:#000000\"><span><span style=\"font-weight: 700; color: #fff\">Le Vieillissement De La Population Mondiale<\/span><\/span><\/h2>\n<\/div>\n<\/div>\n<div style=\"position:absolute;pointer-events:none;left:11.65049%;top:39.96764%;width:14.07767%;height:2.589%;opacity:1\">\n<div style=\"pointer-events:initial;width:100%;height:100%;display:block;position:absolute;top:0;left:0;z-index:0;border-radius:3.4482758620689653% 3.4482758620689653% 3.4482758620689653% 3.4482758620689653% \/ 12.5% 12.5% 12.5% 12.5%\" id=\"el-3c315d2f-35aa-46e3-b47f-ca05a8a76b84\">\n<p class=\"fill text-wrapper\" style=\"white-space:pre-line;overflow-wrap:break-word;word-break:break-word;margin:1.6758620689655195% 0;font-family:&quot;Noto Sans&quot;,sans-serif;font-size:0.194175em;line-height:1.2;text-align:left;padding:0;color:#000000\"><span><span style=\"font-weight: 700; color: #fff\">ARTICLE<\/span><\/span><\/p>\n<\/div>\n<\/div>\n<\/div>\n<\/div>\n<p><\/amp-story-grid-layer><amp-story-page-outlink layout=\"nodisplay\" cta-image=\"https:\/\/lausanne.org\/wp-content\/uploads\/2024\/04\/cropped-State-of-the-Great-Commission-Icon.png\"><a href=\"https:\/\/lausanne.org\/fr\/report\/quelles-sont-les-donnees-demographiques-emergentes\/statistiques-population-mondiale\" rel=\"\">En Savoir Plus<\/a><\/amp-story-page-outlink><\/amp-story-page><amp-story-page id=\"eba17ca6-ad48-4b3a-8dff-70a0ca29864c\"><amp-story-animation layout=\"nodisplay\" trigger=\"visibility\"><script type=\"application\/json\">[{\"selector\":\"#anim-016f3b46-fc6d-478f-a1c6-8df25dea2108\",\"keyframes\":{\"opacity\":[0,1]},\"delay\":0,\"duration\":2000,\"easing\":\"cubic-bezier(0.4, 0.4, 0.0, 1)\",\"fill\":\"both\"}]<\/script><\/amp-story-animation><amp-story-grid-layer template=\"vertical\" aspect-ratio=\"412:618\" class=\"grid-layer\"><\/p>\n<div class=\"page-fullbleed-area\" style=\"background-color:#06070d\">\n<div class=\"page-safe-area\">\n<div style=\"position:absolute;pointer-events:none;left:0;top:-9.25926%;width:100%;height:118.51852%;opacity:1\">\n<div style=\"pointer-events:initial;width:100%;height:100%;display:block;position:absolute;top:0;left:0;z-index:0\" class=\"mask\" id=\"el-4df936c5-9e97-43ca-a3c8-9ad2125e396b\">\n<div style=\"position:absolute;width:375.09158%;height:100%;left:-123.12271%;top:0%\" data-leaf-element=\"true\"><amp-img layout=\"fill\" src=\"https:\/\/lausanne.org\/wp-content\/uploads\/2024\/04\/Lausanne-Regional-Youth-Populations-image-1.jpg\" alt=\"Lausanne-Regional-Youth-Populations-image-1\" srcSet=\"https:\/\/lausanne.org\/wp-content\/uploads\/2024\/04\/Lausanne-Regional-Youth-Populations-image-1.jpg 1920w,https:\/\/lausanne.org\/wp-content\/uploads\/2024\/04\/Lausanne-Regional-Youth-Populations-image-1-1536x728.jpg 1536w,https:\/\/lausanne.org\/wp-content\/uploads\/2024\/04\/Lausanne-Regional-Youth-Populations-image-1-1400x664.jpg 1400w,https:\/\/lausanne.org\/wp-content\/uploads\/2024\/04\/Lausanne-Regional-Youth-Populations-image-1-1024x485.jpg 1024w,https:\/\/lausanne.org\/wp-content\/uploads\/2024\/04\/Lausanne-Regional-Youth-Populations-image-1-768x364.jpg 768w,https:\/\/lausanne.org\/wp-content\/uploads\/2024\/04\/Lausanne-Regional-Youth-Populations-image-1-300x142.jpg 300w,https:\/\/lausanne.org\/wp-content\/uploads\/2024\/04\/Lausanne-Regional-Youth-Populations-image-1-150x71.jpg 150w\" sizes=\"(min-width: 1024px) 169vh, 376vw\" disable-inline-width=\"true\"><\/amp-img><\/div>\n<div class=\"element-overlay-area\" style=\"background-image:linear-gradient(0.5turn, rgba(36,31,33,0) 26%, rgba(36,31,33,0.8) 76%)\"><\/div>\n<\/div>\n<\/div>\n<div class=\"page-background-overlay-area\" style=\"background-image:linear-gradient(0.5turn, rgba(36,31,33,0) 26%, rgba(36,31,33,0.8) 76%)\"><\/div>\n<\/div>\n<\/div>\n<p><\/amp-story-grid-layer><amp-story-grid-layer template=\"vertical\" aspect-ratio=\"412:618\" class=\"grid-layer\"><\/p>\n<div class=\"page-fullbleed-area\">\n<div class=\"page-safe-area\">\n<div style=\"position:absolute;pointer-events:none;left:11.65049%;top:57.44337%;width:79.12621%;height:30.42071%;opacity:1\">\n<div id=\"anim-016f3b46-fc6d-478f-a1c6-8df25dea2108\" class=\"animation-wrapper\" style=\"width:100%;height:100%;display:block;position:absolute;top:0;left:0;--initial-opacity:0;--initial-transform:none\">\n<div style=\"pointer-events:initial;width:100%;height:100%;display:block;position:absolute;top:0;left:0;z-index:0;border-radius:0.6134969325153374% 0.6134969325153374% 0.6134969325153374% 0.6134969325153374% \/ 1.0638297872340425% 1.0638297872340425% 1.0638297872340425% 1.0638297872340425%\" id=\"el-8297bddd-20a0-474f-879f-177556380e10\">\n<h3 class=\"fill text-wrapper\" style=\"white-space:pre-line;overflow-wrap:break-word;word-break:break-word;margin:0.5466257668711662% 0;font-family:&quot;Noto Sans&quot;,sans-serif;font-size:0.355987em;line-height:1.2;text-align:left;padding:0;color:#000000\"><span><span style=\"color: #fff\">Les dirigeants \u00e9vang\u00e9liques de toutes les r\u00e9gions du monde ont identifi\u00e9 l\u2019approche, le discipulat et l\u2019\u00e9coute des jeunes comme l\u2019un des deux principaux besoins identifi\u00e9<\/span><span style=\"color: #fff\">s pour la Grande Commission.<\/span><\/span><\/h3>\n<\/div>\n<\/div>\n<\/div>\n<div style=\"position:absolute;pointer-events:none;left:11.40777%;top:44.17476%;width:86.16505%;height:13.26861%;opacity:1\">\n<div style=\"pointer-events:initial;width:100%;height:100%;display:block;position:absolute;top:0;left:0;z-index:0;border-radius:0.5633802816901409% 0.5633802816901409% 0.5633802816901409% 0.5633802816901409% \/ 2.4390243902439024% 2.4390243902439024% 2.4390243902439024% 2.4390243902439024%\" id=\"el-bdc0c5b1-550b-4bcf-b965-60656c83fe56\">\n<h2 class=\"fill text-wrapper\" style=\"white-space:pre-line;overflow-wrap:break-word;word-break:break-word;margin:0.7301408450704231% 0;font-family:&quot;Noto Sans&quot;,sans-serif;font-size:0.517799em;line-height:1.2;text-align:left;padding:0;color:#000000\"><span><span style=\"font-weight: 700; color: #fff\">Populations R\u00e9gionales De Jeunes<\/span><\/span><\/h2>\n<\/div>\n<\/div>\n<div style=\"position:absolute;pointer-events:none;left:11.65049%;top:39.96764%;width:14.07767%;height:2.589%;opacity:1\">\n<div style=\"pointer-events:initial;width:100%;height:100%;display:block;position:absolute;top:0;left:0;z-index:0;border-radius:3.4482758620689653% 3.4482758620689653% 3.4482758620689653% 3.4482758620689653% \/ 12.5% 12.5% 12.5% 12.5%\" id=\"el-0d750405-39a0-4415-8f0b-fb750820d234\">\n<p class=\"fill text-wrapper\" style=\"white-space:pre-line;overflow-wrap:break-word;word-break:break-word;margin:1.6758620689655195% 0;font-family:&quot;Noto Sans&quot;,sans-serif;font-size:0.194175em;line-height:1.2;text-align:left;padding:0;color:#000000\"><span><span style=\"font-weight: 700; color: #fff\">ARTICLE<\/span><\/span><\/p>\n<\/div>\n<\/div>\n<\/div>\n<\/div>\n<p><\/amp-story-grid-layer><amp-story-page-outlink layout=\"nodisplay\" cta-image=\"https:\/\/lausanne.org\/wp-content\/uploads\/2024\/04\/cropped-State-of-the-Great-Commission-Icon.png\"><a href=\"https:\/\/lausanne.org\/fr\/report\/quelles-sont-les-donnees-demographiques-emergentes\/statistiques-mondial-vieillissement\" rel=\"\">En Savoir Plus<\/a><\/amp-story-page-outlink><\/amp-story-page><amp-story-page id=\"f09450c1-e001-418d-8345-95575f56a98c\"><amp-story-animation layout=\"nodisplay\" trigger=\"visibility\"><script type=\"application\/json\">[{\"selector\":\"#anim-9e85d4e7-c8e5-44c5-adb6-cd8953ed9a9b\",\"keyframes\":{\"opacity\":[0,1]},\"delay\":0,\"duration\":2000,\"easing\":\"cubic-bezier(0.4, 0.4, 0.0, 1)\",\"fill\":\"both\"}]<\/script><\/amp-story-animation><amp-story-grid-layer template=\"vertical\" aspect-ratio=\"412:618\" class=\"grid-layer\"><\/p>\n<div class=\"page-fullbleed-area\" style=\"background-color:#6d6064\">\n<div class=\"page-safe-area\">\n<div style=\"position:absolute;pointer-events:none;left:0;top:-9.25926%;width:100%;height:118.51852%;opacity:1\">\n<div style=\"pointer-events:initial;width:100%;height:100%;display:block;position:absolute;top:0;left:0;z-index:0\" class=\"mask\" id=\"el-a0a7b3c5-3117-4ae4-8d21-ba843cc88c3b\">\n<div style=\"position:absolute;width:375.09158%;height:100%;left:-194.91759%;top:0%\" data-leaf-element=\"true\"><amp-img layout=\"fill\" src=\"https:\/\/lausanne.org\/wp-content\/uploads\/2024\/04\/Lausanne-The-New-middle-class-image-3.jpg\" alt=\"Lausanne-The-New-middle-class-image-3\" srcSet=\"https:\/\/lausanne.org\/wp-content\/uploads\/2024\/04\/Lausanne-The-New-middle-class-image-3.jpg 1920w,https:\/\/lausanne.org\/wp-content\/uploads\/2024\/04\/Lausanne-The-New-middle-class-image-3-1536x728.jpg 1536w,https:\/\/lausanne.org\/wp-content\/uploads\/2024\/04\/Lausanne-The-New-middle-class-image-3-1400x664.jpg 1400w,https:\/\/lausanne.org\/wp-content\/uploads\/2024\/04\/Lausanne-The-New-middle-class-image-3-1024x485.jpg 1024w,https:\/\/lausanne.org\/wp-content\/uploads\/2024\/04\/Lausanne-The-New-middle-class-image-3-768x364.jpg 768w,https:\/\/lausanne.org\/wp-content\/uploads\/2024\/04\/Lausanne-The-New-middle-class-image-3-300x142.jpg 300w,https:\/\/lausanne.org\/wp-content\/uploads\/2024\/04\/Lausanne-The-New-middle-class-image-3-150x71.jpg 150w\" sizes=\"(min-width: 1024px) 169vh, 376vw\" disable-inline-width=\"true\"><\/amp-img><\/div>\n<div class=\"element-overlay-area\" style=\"background-image:linear-gradient(0.5turn, rgba(36,31,33,0) 26%, rgba(36,31,33,0.8) 76%)\"><\/div>\n<\/div>\n<\/div>\n<div class=\"page-background-overlay-area\" style=\"background-image:linear-gradient(0.5turn, rgba(36,31,33,0) 26%, rgba(36,31,33,0.8) 76%)\"><\/div>\n<\/div>\n<\/div>\n<p><\/amp-story-grid-layer><amp-story-grid-layer template=\"vertical\" aspect-ratio=\"412:618\" class=\"grid-layer\"><\/p>\n<div class=\"page-fullbleed-area\">\n<div class=\"page-safe-area\">\n<div style=\"position:absolute;pointer-events:none;left:11.65049%;top:55.82524%;width:74.02913%;height:35.59871%;opacity:1\">\n<div id=\"anim-9e85d4e7-c8e5-44c5-adb6-cd8953ed9a9b\" class=\"animation-wrapper\" style=\"width:100%;height:100%;display:block;position:absolute;top:0;left:0;--initial-opacity:0;--initial-transform:none\">\n<div style=\"pointer-events:initial;width:100%;height:100%;display:block;position:absolute;top:0;left:0;z-index:0;border-radius:0.6557377049180327% 0.6557377049180327% 0.6557377049180327% 0.6557377049180327% \/ 0.9090909090909091% 0.9090909090909091% 0.9090909090909091% 0.9090909090909091%\" id=\"el-abce5544-423f-4ec4-89a4-cd7c25de8168\">\n<p class=\"fill text-wrapper\" style=\"white-space:pre-line;overflow-wrap:break-word;word-break:break-word;margin:0.531147540983607% 0;font-family:&quot;Noto Sans&quot;,sans-serif;font-size:0.323625em;line-height:1.2;text-align:left;padding:0;color:#000000\"><span><span style=\"color: #fff\">Avec plus de richesse, des niveaux d\u2019\u00e9ducation plus \u00e9lev\u00e9s et une plus grande mobilit\u00e9 sociale, la classe moyenne a besoin d\u2019une mani\u00e8re unique de se connecter avec les gens par rapport \u00e0 d\u2019autres segments de la soci\u00e9<\/span><span style=\"color: #fff\">t\u00e9 tels que les \u00e9tudiants ou les pauvres du monde.<\/span><\/span><\/p>\n<\/div>\n<\/div>\n<\/div>\n<div style=\"position:absolute;pointer-events:none;left:11.40777%;top:44.17476%;width:86.16505%;height:11.65049%;opacity:1\">\n<div style=\"pointer-events:initial;width:100%;height:100%;display:block;position:absolute;top:0;left:0;z-index:0;border-radius:0.5633802816901409% 0.5633802816901409% 0.5633802816901409% 0.5633802816901409% \/ 2.7777777777777777% 2.7777777777777777% 2.7777777777777777% 2.7777777777777777%\" id=\"el-86d3d804-07db-46a9-b2ec-d8b49945a361\">\n<h2 class=\"fill text-wrapper\" style=\"white-space:pre-line;overflow-wrap:break-word;word-break:break-word;margin:0.6388732394366199% 0;font-family:&quot;Noto Sans&quot;,sans-serif;font-size:0.453074em;line-height:1.2;text-align:left;padding:0;color:#000000\"><span><span style=\"font-weight: 700; color: #fff\">La Nouvelle Classe Moyenne<\/span><\/span><\/h2>\n<\/div>\n<\/div>\n<div style=\"position:absolute;pointer-events:none;left:11.65049%;top:39.96764%;width:14.07767%;height:2.589%;opacity:1\">\n<div style=\"pointer-events:initial;width:100%;height:100%;display:block;position:absolute;top:0;left:0;z-index:0;border-radius:3.4482758620689653% 3.4482758620689653% 3.4482758620689653% 3.4482758620689653% \/ 12.5% 12.5% 12.5% 12.5%\" id=\"el-772ed319-2737-42e2-b926-ab9e74972847\">\n<p class=\"fill text-wrapper\" style=\"white-space:pre-line;overflow-wrap:break-word;word-break:break-word;margin:1.6758620689655195% 0;font-family:&quot;Noto Sans&quot;,sans-serif;font-size:0.194175em;line-height:1.2;text-align:left;padding:0;color:#000000\"><span><span style=\"font-weight: 700; color: #fff\">ARTICLE<\/span><\/span><\/p>\n<\/div>\n<\/div>\n<\/div>\n<\/div>\n<p><\/amp-story-grid-layer><amp-story-page-outlink layout=\"nodisplay\" cta-image=\"https:\/\/lausanne.org\/wp-content\/uploads\/2024\/04\/cropped-State-of-the-Great-Commission-Icon.png\"><a href=\"https:\/\/lausanne.org\/fr\/report\/quelles-sont-les-donnees-demographiques-emergentes\/la-nouvelle-classe-moyenne\" rel=\"\">En Savoir Plus<\/a><\/amp-story-page-outlink><\/amp-story-page><amp-story-page id=\"3a3cacbb-efee-4e10-b54f-b8554f337557\"><amp-story-animation layout=\"nodisplay\" trigger=\"visibility\"><script type=\"application\/json\">[{\"selector\":\"#anim-6a57ddc6-f679-4581-8461-4c84f374878c\",\"keyframes\":{\"opacity\":[0,1]},\"delay\":0,\"duration\":2000,\"easing\":\"cubic-bezier(0.4, 0.4, 0.0, 1)\",\"fill\":\"both\"}]<\/script><\/amp-story-animation><amp-story-grid-layer template=\"vertical\" aspect-ratio=\"412:618\" class=\"grid-layer\"><\/p>\n<div class=\"page-fullbleed-area\" style=\"background-color:#fff\">\n<div class=\"page-safe-area\">\n<div style=\"position:absolute;pointer-events:none;left:0;top:-9.25926%;width:100%;height:118.51852%;opacity:1\">\n<div style=\"pointer-events:initial;width:100%;height:100%;display:block;position:absolute;top:0;left:0;z-index:0\" class=\"mask\" id=\"el-f705adbe-06e0-43d2-a0b7-9d2b52f590b3\">\n<div style=\"position:absolute;width:316.04939%;height:100%;left:-176.93495%;top:0%\" data-leaf-element=\"true\"><amp-video autoPlay=\"autoplay\" poster=\"https:\/\/cdn.coverr.co\/videos\/coverr-walking-up-the-stairs-4094\/thumbnail?width=1920\" artwork=\"https:\/\/cdn.coverr.co\/videos\/coverr-walking-up-the-stairs-4094\/thumbnail?width=1920\" title=\"A low-angle shot of a woman walking up the stairs into a well-lit area. \" alt=\"A low-angle shot of a woman walking up the stairs into a well-lit area. \" layout=\"fill\" loop=\"loop\" noaudio=\"noaudio\" id=\"el-f705adbe-06e0-43d2-a0b7-9d2b52f590b3-media\"><source type=\"video\/mp4\" src=\"https:\/\/cdn.coverr.co\/videos\/coverr-walking-up-the-stairs-4094\/1080p.mp4\"\/><\/amp-video><\/div>\n<div class=\"element-overlay-area\" style=\"background-color:rgba(0,110,184,0.5)\"><\/div>\n<\/div>\n<\/div>\n<div class=\"page-background-overlay-area\" style=\"background-color:rgba(0,110,184,0.5)\"><\/div>\n<\/div>\n<\/div>\n<p><\/amp-story-grid-layer><amp-story-grid-layer template=\"vertical\" aspect-ratio=\"412:618\" class=\"grid-layer\"><\/p>\n<div class=\"page-fullbleed-area\">\n<div class=\"page-safe-area\">\n<div style=\"position:absolute;pointer-events:none;left:11.65049%;top:11.16505%;width:74.02913%;height:47.24919%;opacity:1\">\n<div id=\"anim-6a57ddc6-f679-4581-8461-4c84f374878c\" class=\"animation-wrapper\" style=\"width:100%;height:100%;display:block;position:absolute;top:0;left:0;--initial-opacity:0;--initial-transform:none\">\n<div style=\"pointer-events:initial;width:100%;height:100%;display:block;position:absolute;top:0;left:0;z-index:0;border-radius:0.6557377049180327% 0.6557377049180327% 0.6557377049180327% 0.6557377049180327% \/ 0.684931506849315% 0.684931506849315% 0.684931506849315% 0.684931506849315%\" id=\"el-81a7659f-553f-4a1f-bd0b-345f09ebfd62\">\n<h3 class=\"fill text-wrapper\" style=\"white-space:pre-line;overflow-wrap:break-word;word-break:break-word;margin:0.6373770491803288% 0;font-family:&quot;Noto Sans&quot;,sans-serif;font-size:0.388350em;line-height:1.2;text-align:left;padding:0;color:#000000\"><span><span style=\"color: #fff\">Information Cl\u00e9<\/span><\/p>\n<p><span style=\"color: #fff\">Le Vieillissement De La Population Mondiale<\/span><\/p>\n<p><span style=\"color: #fff\">Populations R\u00e9gionales De Jeunes<\/span><\/p>\n<p><span style=\"color: #fff\">La Nouvelle Classe Moyenne<\/span><\/span><\/h3>\n<\/div>\n<\/div>\n<\/div>\n<div style=\"position:absolute;pointer-events:none;left:12.13592%;top:0;width:86.16505%;height:6.6343%;opacity:1\">\n<div style=\"pointer-events:initial;width:100%;height:100%;display:block;position:absolute;top:0;left:0;z-index:0;border-radius:0.5633802816901409% 0.5633802816901409% 0.5633802816901409% 0.5633802816901409% \/ 4.878048780487805% 4.878048780487805% 4.878048780487805% 4.878048780487805%\" id=\"el-dd65360c-9e68-4f81-bcc1-1136775860bc\">\n<h2 class=\"fill text-wrapper\" style=\"white-space:pre-line;overflow-wrap:break-word;word-break:break-word;margin:0.6845070422535211% 0;font-family:&quot;Noto Sans&quot;,sans-serif;font-size:0.485437em;line-height:1.2;text-align:left;padding:0;color:#000000\"><span><span style=\"font-weight: 700; color: #fff\">Apprendre Encore Plus<\/span><\/span><\/h2>\n<\/div>\n<\/div>\n<div style=\"position:absolute;pointer-events:none;left:-4.85437%;top:1.45631%;width:17.71845%;height:4.53074%;opacity:1\">\n<div style=\"pointer-events:initial;width:100%;height:100%;display:block;position:absolute;top:0;left:0;z-index:0\" class=\"mask\" id=\"el-13e8bb3d-2366-4ca2-b0f9-012821e03f92\">\n<div style=\"position:absolute;width:100%;height:115.69864%;left:0%;top:-7.84932%\" data-leaf-element=\"true\"><amp-img layout=\"fill\" src=\"https:\/\/media.tenor.com\/GvqTP8AkXuAAAAAi\/vamouz-mouz.gif\" alt=\"Vamouz Mousesports Sticker\" srcSet=\"https:\/\/media.tenor.com\/GvqTP8AkXuAAAAAi\/vamouz-mouz.gif 498w,https:\/\/media.tenor.com\/GvqTP8AkXuAAAAAj\/vamouz-mouz.gif 200w,https:\/\/media.tenor.com\/GvqTP8AkXuAAAAAk\/vamouz-mouz.gif 90w\" sizes=\"(min-width: 1024px) 8vh, 18vw\" disable-inline-width=\"true\"><\/amp-img><\/div>\n<\/div>\n<\/div>\n<\/div>\n<\/div>\n<p><\/amp-story-grid-layer><amp-story-page-outlink layout=\"nodisplay\" cta-image=\"https:\/\/lausanne.org\/wp-content\/uploads\/2024\/04\/cropped-State-of-the-Great-Commission-Icon.png\"><a href=\"https:\/\/lausanne.org\/fr\/report\/quelles-sont-les-donnees-demographiques-emergentes\" rel=\"\">D\u00e9mographie<\/a><\/amp-story-page-outlink><\/amp-story-page><\/amp-story><\/body><\/html><\/p>\n","protected":false},"excerpt":{"rendered":"<p>\u00c0 l\u2019horizon 2050, des changements \u00e9conomiques et d\u00e9mographiques majeurs risquent de fa\u00e7onner la culture mondiale.<\/p>\n","protected":false},"author":852,"featured_media":1035250,"template":"","meta":{"_acf_changed":false,"web_stories_publisher_logo":306726,"web_stories_poster":[],"web_stories_products":[],"footnotes":""},"web_story_category":[],"web_story_tag":[],"class_list":["post-1098797","web-story","type-web-story","status-publish","has-post-thumbnail","hentry"],"yoast_head":"<!-- This site is optimized with the Yoast SEO plugin v27.4 - https:\/\/yoast.com\/product\/yoast-seo-wordpress\/ -->\n<title>Quelles sont les donn\u00e9es d\u00e9mographiques \u00e9mergentes ? - Lausanne Movement<\/title>\n<meta name=\"description\" content=\"\u00c0 l\u2019horizon 2050, des changements \u00e9conomiques et d\u00e9mographiques majeurs risquent de fa\u00e7onner la culture mondiale.\" \/>\n<meta name=\"robots\" content=\"index, follow, max-snippet:-1, max-image-preview:large, max-video-preview:-1\" \/>\n<link rel=\"canonical\" href=\"https:\/\/lausanne.org\/web-stories\/quelles-sont-les-donnees-demographiques-emergentes\" \/>\n<meta property=\"og:locale\" content=\"ko_KR\" \/>\n<meta property=\"og:type\" content=\"article\" \/>\n<meta property=\"og:title\" content=\"Quelles sont les donn\u00e9es d\u00e9mographiques \u00e9mergentes ? - Lausanne Movement\" \/>\n<meta property=\"og:description\" content=\"\u00c0 l\u2019horizon 2050, des changements \u00e9conomiques et d\u00e9mographiques majeurs risquent de fa\u00e7onner la culture mondiale.\" \/>\n<meta property=\"og:url\" content=\"https:\/\/lausanne.org\/web-stories\/quelles-sont-les-donnees-demographiques-emergentes\" \/>\n<meta property=\"og:site_name\" content=\"Lausanne Movement\" \/>\n<meta property=\"article:publisher\" content=\"https:\/\/www.facebook.com\/lausannemovement\" \/>\n<meta property=\"article:modified_time\" content=\"2024-06-27T02:49:39+00:00\" \/>\n<meta property=\"og:image\" content=\"https:\/\/lausanne.org\/wp-content\/uploads\/2024\/04\/cropped-State-of-the-Great-Commission-Web-Story-Emerging-Demographics.jpg\" \/>\n\t<meta property=\"og:image:width\" content=\"640\" \/>\n\t<meta property=\"og:image:height\" content=\"853\" \/>\n\t<meta property=\"og:image:type\" content=\"image\/jpeg\" \/>\n<script type=\"application\/ld+json\" class=\"yoast-schema-graph\">{\"@context\":\"https:\\\/\\\/schema.org\",\"@graph\":[{\"@type\":\"Article\",\"@id\":\"https:\\\/\\\/lausanne.org\\\/web-stories\\\/quelles-sont-les-donnees-demographiques-emergentes#article\",\"isPartOf\":{\"@id\":\"https:\\\/\\\/lausanne.org\\\/web-stories\\\/quelles-sont-les-donnees-demographiques-emergentes\"},\"author\":{\"name\":\"Geo\",\"@id\":\"https:\\\/\\\/lausanne.org\\\/es\\\/#\\\/schema\\\/person\\\/59dd3d738b57269e47bb3cfe67054b43\"},\"headline\":\"Quelles sont les donn\u00e9es d\u00e9mographiques \u00e9mergentes ?\",\"datePublished\":\"2024-06-27T02:40:57+00:00\",\"dateModified\":\"2024-06-27T02:49:39+00:00\",\"mainEntityOfPage\":{\"@id\":\"https:\\\/\\\/lausanne.org\\\/web-stories\\\/quelles-sont-les-donnees-demographiques-emergentes\"},\"wordCount\":350,\"publisher\":{\"@id\":\"https:\\\/\\\/lausanne.org\\\/es\\\/#organization\"},\"image\":{\"@id\":\"https:\\\/\\\/lausanne.org\\\/web-stories\\\/quelles-sont-les-donnees-demographiques-emergentes#primaryimage\"},\"thumbnailUrl\":\"https:\\\/\\\/lausanne.org\\\/wp-content\\\/uploads\\\/2024\\\/04\\\/cropped-State-of-the-Great-Commission-Web-Story-Emerging-Demographics.jpg\",\"inLanguage\":\"ko-KR\"},{\"@type\":\"WebPage\",\"@id\":\"https:\\\/\\\/lausanne.org\\\/web-stories\\\/quelles-sont-les-donnees-demographiques-emergentes\",\"url\":\"https:\\\/\\\/lausanne.org\\\/web-stories\\\/quelles-sont-les-donnees-demographiques-emergentes\",\"name\":\"Quelles sont les donn\u00e9es d\u00e9mographiques \u00e9mergentes ? - Lausanne Movement\",\"isPartOf\":{\"@id\":\"https:\\\/\\\/lausanne.org\\\/es\\\/#website\"},\"primaryImageOfPage\":{\"@id\":\"https:\\\/\\\/lausanne.org\\\/web-stories\\\/quelles-sont-les-donnees-demographiques-emergentes#primaryimage\"},\"image\":{\"@id\":\"https:\\\/\\\/lausanne.org\\\/web-stories\\\/quelles-sont-les-donnees-demographiques-emergentes#primaryimage\"},\"thumbnailUrl\":\"https:\\\/\\\/lausanne.org\\\/wp-content\\\/uploads\\\/2024\\\/04\\\/cropped-State-of-the-Great-Commission-Web-Story-Emerging-Demographics.jpg\",\"datePublished\":\"2024-06-27T02:40:57+00:00\",\"dateModified\":\"2024-06-27T02:49:39+00:00\",\"breadcrumb\":{\"@id\":\"https:\\\/\\\/lausanne.org\\\/web-stories\\\/quelles-sont-les-donnees-demographiques-emergentes#breadcrumb\"},\"inLanguage\":\"ko-KR\",\"potentialAction\":[{\"@type\":\"ReadAction\",\"target\":[\"https:\\\/\\\/lausanne.org\\\/web-stories\\\/quelles-sont-les-donnees-demographiques-emergentes\"]}]},{\"@type\":\"ImageObject\",\"inLanguage\":\"ko-KR\",\"@id\":\"https:\\\/\\\/lausanne.org\\\/web-stories\\\/quelles-sont-les-donnees-demographiques-emergentes#primaryimage\",\"url\":\"https:\\\/\\\/lausanne.org\\\/wp-content\\\/uploads\\\/2024\\\/04\\\/cropped-State-of-the-Great-Commission-Web-Story-Emerging-Demographics.jpg\",\"contentUrl\":\"https:\\\/\\\/lausanne.org\\\/wp-content\\\/uploads\\\/2024\\\/04\\\/cropped-State-of-the-Great-Commission-Web-Story-Emerging-Demographics.jpg\",\"width\":640,\"height\":853,\"caption\":\"State-of-the-Great-Commission-Web-Story-Emerging-Demographics\"},{\"@type\":\"BreadcrumbList\",\"@id\":\"https:\\\/\\\/lausanne.org\\\/web-stories\\\/quelles-sont-les-donnees-demographiques-emergentes#breadcrumb\",\"itemListElement\":[{\"@type\":\"ListItem\",\"position\":1,\"name\":\"Home\",\"item\":\"https:\\\/\\\/lausanne.org\\\/ko\"},{\"@type\":\"ListItem\",\"position\":2,\"name\":\"Stories\",\"item\":\"https:\\\/\\\/lausanne.org\\\/web-stories\"},{\"@type\":\"ListItem\",\"position\":3,\"name\":\"Quelles sont les donn\u00e9es d\u00e9mographiques \u00e9mergentes ?\"}]},{\"@type\":\"WebSite\",\"@id\":\"https:\\\/\\\/lausanne.org\\\/es\\\/#website\",\"url\":\"https:\\\/\\\/lausanne.org\\\/es\\\/\",\"name\":\"Lausanne Movement\",\"description\":\"\uc138\uacc4 \uc120\uad50\ub97c \uc704\ud55c \uc601\ud5a5\ub825\uacfc \uc544\uc774\ub514\uc5b4\uc758 \uc5f0\uacb0\",\"publisher\":{\"@id\":\"https:\\\/\\\/lausanne.org\\\/es\\\/#organization\"},\"potentialAction\":[{\"@type\":\"SearchAction\",\"target\":{\"@type\":\"EntryPoint\",\"urlTemplate\":\"https:\\\/\\\/lausanne.org\\\/es\\\/?s={search_term_string}\"},\"query-input\":{\"@type\":\"PropertyValueSpecification\",\"valueRequired\":true,\"valueName\":\"search_term_string\"}}],\"inLanguage\":\"ko-KR\"},{\"@type\":\"Organization\",\"@id\":\"https:\\\/\\\/lausanne.org\\\/es\\\/#organization\",\"name\":\"Lausanne Movement\",\"url\":\"https:\\\/\\\/lausanne.org\\\/es\\\/\",\"logo\":{\"@type\":\"ImageObject\",\"inLanguage\":\"ko-KR\",\"@id\":\"https:\\\/\\\/lausanne.org\\\/es\\\/#\\\/schema\\\/logo\\\/image\\\/\",\"url\":\"https:\\\/\\\/lausanne.org\\\/wp-content\\\/uploads\\\/2023\\\/04\\\/lausanne-new-logo.png\",\"contentUrl\":\"https:\\\/\\\/lausanne.org\\\/wp-content\\\/uploads\\\/2023\\\/04\\\/lausanne-new-logo.png\",\"width\":1200,\"height\":656,\"caption\":\"Lausanne Movement\"},\"image\":{\"@id\":\"https:\\\/\\\/lausanne.org\\\/es\\\/#\\\/schema\\\/logo\\\/image\\\/\"},\"sameAs\":[\"https:\\\/\\\/www.facebook.com\\\/lausannemovement\",\"https:\\\/\\\/x.com\\\/lcwe\",\"https:\\\/\\\/www.linkedin.com\\\/company\\\/the-lausanne-movement\",\"https:\\\/\\\/www.youtube.com\\\/user\\\/lausannemovement\"]},{\"@type\":\"Person\",\"@id\":\"https:\\\/\\\/lausanne.org\\\/es\\\/#\\\/schema\\\/person\\\/59dd3d738b57269e47bb3cfe67054b43\",\"name\":\"Geo\",\"image\":{\"@type\":\"ImageObject\",\"inLanguage\":\"ko-KR\",\"@id\":\"https:\\\/\\\/secure.gravatar.com\\\/avatar\\\/4edf7f341cd2026e3af1e4a47611f878996bc1db7bd09f87f3b0e62baf656242?s=96&d=mm&r=g\",\"url\":\"https:\\\/\\\/secure.gravatar.com\\\/avatar\\\/4edf7f341cd2026e3af1e4a47611f878996bc1db7bd09f87f3b0e62baf656242?s=96&d=mm&r=g\",\"contentUrl\":\"https:\\\/\\\/secure.gravatar.com\\\/avatar\\\/4edf7f341cd2026e3af1e4a47611f878996bc1db7bd09f87f3b0e62baf656242?s=96&d=mm&r=g\",\"caption\":\"Geo\"}}]}<\/script>\n<!-- \/ Yoast SEO plugin. -->","yoast_head_json":{"title":"Quelles sont les donn\u00e9es d\u00e9mographiques \u00e9mergentes ? - Lausanne Movement","description":"\u00c0 l\u2019horizon 2050, des changements \u00e9conomiques et d\u00e9mographiques majeurs risquent de fa\u00e7onner la culture mondiale.","robots":{"index":"index","follow":"follow","max-snippet":"max-snippet:-1","max-image-preview":"max-image-preview:large","max-video-preview":"max-video-preview:-1"},"canonical":"https:\/\/lausanne.org\/web-stories\/quelles-sont-les-donnees-demographiques-emergentes","og_locale":"ko_KR","og_type":"article","og_title":"Quelles sont les donn\u00e9es d\u00e9mographiques \u00e9mergentes ? - Lausanne Movement","og_description":"\u00c0 l\u2019horizon 2050, des changements \u00e9conomiques et d\u00e9mographiques majeurs risquent de fa\u00e7onner la culture mondiale.","og_url":"https:\/\/lausanne.org\/web-stories\/quelles-sont-les-donnees-demographiques-emergentes","og_site_name":"Lausanne Movement","article_publisher":"https:\/\/www.facebook.com\/lausannemovement","article_modified_time":"2024-06-27T02:49:39+00:00","og_image":[{"width":640,"height":853,"url":"https:\/\/lausanne.org\/wp-content\/uploads\/2024\/04\/cropped-State-of-the-Great-Commission-Web-Story-Emerging-Demographics.jpg","type":"image\/jpeg"}],"schema":{"@context":"https:\/\/schema.org","@graph":[{"@type":"Article","@id":"https:\/\/lausanne.org\/web-stories\/quelles-sont-les-donnees-demographiques-emergentes#article","isPartOf":{"@id":"https:\/\/lausanne.org\/web-stories\/quelles-sont-les-donnees-demographiques-emergentes"},"author":{"name":"Geo","@id":"https:\/\/lausanne.org\/es\/#\/schema\/person\/59dd3d738b57269e47bb3cfe67054b43"},"headline":"Quelles sont les donn\u00e9es d\u00e9mographiques \u00e9mergentes ?","datePublished":"2024-06-27T02:40:57+00:00","dateModified":"2024-06-27T02:49:39+00:00","mainEntityOfPage":{"@id":"https:\/\/lausanne.org\/web-stories\/quelles-sont-les-donnees-demographiques-emergentes"},"wordCount":350,"publisher":{"@id":"https:\/\/lausanne.org\/es\/#organization"},"image":{"@id":"https:\/\/lausanne.org\/web-stories\/quelles-sont-les-donnees-demographiques-emergentes#primaryimage"},"thumbnailUrl":"https:\/\/lausanne.org\/wp-content\/uploads\/2024\/04\/cropped-State-of-the-Great-Commission-Web-Story-Emerging-Demographics.jpg","inLanguage":"ko-KR"},{"@type":"WebPage","@id":"https:\/\/lausanne.org\/web-stories\/quelles-sont-les-donnees-demographiques-emergentes","url":"https:\/\/lausanne.org\/web-stories\/quelles-sont-les-donnees-demographiques-emergentes","name":"Quelles sont les donn\u00e9es d\u00e9mographiques \u00e9mergentes ? - Lausanne Movement","isPartOf":{"@id":"https:\/\/lausanne.org\/es\/#website"},"primaryImageOfPage":{"@id":"https:\/\/lausanne.org\/web-stories\/quelles-sont-les-donnees-demographiques-emergentes#primaryimage"},"image":{"@id":"https:\/\/lausanne.org\/web-stories\/quelles-sont-les-donnees-demographiques-emergentes#primaryimage"},"thumbnailUrl":"https:\/\/lausanne.org\/wp-content\/uploads\/2024\/04\/cropped-State-of-the-Great-Commission-Web-Story-Emerging-Demographics.jpg","datePublished":"2024-06-27T02:40:57+00:00","dateModified":"2024-06-27T02:49:39+00:00","breadcrumb":{"@id":"https:\/\/lausanne.org\/web-stories\/quelles-sont-les-donnees-demographiques-emergentes#breadcrumb"},"inLanguage":"ko-KR","potentialAction":[{"@type":"ReadAction","target":["https:\/\/lausanne.org\/web-stories\/quelles-sont-les-donnees-demographiques-emergentes"]}]},{"@type":"ImageObject","inLanguage":"ko-KR","@id":"https:\/\/lausanne.org\/web-stories\/quelles-sont-les-donnees-demographiques-emergentes#primaryimage","url":"https:\/\/lausanne.org\/wp-content\/uploads\/2024\/04\/cropped-State-of-the-Great-Commission-Web-Story-Emerging-Demographics.jpg","contentUrl":"https:\/\/lausanne.org\/wp-content\/uploads\/2024\/04\/cropped-State-of-the-Great-Commission-Web-Story-Emerging-Demographics.jpg","width":640,"height":853,"caption":"State-of-the-Great-Commission-Web-Story-Emerging-Demographics"},{"@type":"BreadcrumbList","@id":"https:\/\/lausanne.org\/web-stories\/quelles-sont-les-donnees-demographiques-emergentes#breadcrumb","itemListElement":[{"@type":"ListItem","position":1,"name":"Home","item":"https:\/\/lausanne.org\/ko"},{"@type":"ListItem","position":2,"name":"Stories","item":"https:\/\/lausanne.org\/web-stories"},{"@type":"ListItem","position":3,"name":"Quelles sont les donn\u00e9es d\u00e9mographiques \u00e9mergentes ?"}]},{"@type":"WebSite","@id":"https:\/\/lausanne.org\/es\/#website","url":"https:\/\/lausanne.org\/es\/","name":"Lausanne Movement","description":"\uc138\uacc4 \uc120\uad50\ub97c \uc704\ud55c \uc601\ud5a5\ub825\uacfc \uc544\uc774\ub514\uc5b4\uc758 \uc5f0\uacb0","publisher":{"@id":"https:\/\/lausanne.org\/es\/#organization"},"potentialAction":[{"@type":"SearchAction","target":{"@type":"EntryPoint","urlTemplate":"https:\/\/lausanne.org\/es\/?s={search_term_string}"},"query-input":{"@type":"PropertyValueSpecification","valueRequired":true,"valueName":"search_term_string"}}],"inLanguage":"ko-KR"},{"@type":"Organization","@id":"https:\/\/lausanne.org\/es\/#organization","name":"Lausanne Movement","url":"https:\/\/lausanne.org\/es\/","logo":{"@type":"ImageObject","inLanguage":"ko-KR","@id":"https:\/\/lausanne.org\/es\/#\/schema\/logo\/image\/","url":"https:\/\/lausanne.org\/wp-content\/uploads\/2023\/04\/lausanne-new-logo.png","contentUrl":"https:\/\/lausanne.org\/wp-content\/uploads\/2023\/04\/lausanne-new-logo.png","width":1200,"height":656,"caption":"Lausanne Movement"},"image":{"@id":"https:\/\/lausanne.org\/es\/#\/schema\/logo\/image\/"},"sameAs":["https:\/\/www.facebook.com\/lausannemovement","https:\/\/x.com\/lcwe","https:\/\/www.linkedin.com\/company\/the-lausanne-movement","https:\/\/www.youtube.com\/user\/lausannemovement"]},{"@type":"Person","@id":"https:\/\/lausanne.org\/es\/#\/schema\/person\/59dd3d738b57269e47bb3cfe67054b43","name":"Geo","image":{"@type":"ImageObject","inLanguage":"ko-KR","@id":"https:\/\/secure.gravatar.com\/avatar\/4edf7f341cd2026e3af1e4a47611f878996bc1db7bd09f87f3b0e62baf656242?s=96&d=mm&r=g","url":"https:\/\/secure.gravatar.com\/avatar\/4edf7f341cd2026e3af1e4a47611f878996bc1db7bd09f87f3b0e62baf656242?s=96&d=mm&r=g","contentUrl":"https:\/\/secure.gravatar.com\/avatar\/4edf7f341cd2026e3af1e4a47611f878996bc1db7bd09f87f3b0e62baf656242?s=96&d=mm&r=g","caption":"Geo"}}]}},"story_data":{"version":47,"pages":[{"elements":[{"opacity":100,"flip":{"vertical":false,"horizontal":false},"rotationAngle":0,"lockAspectRatio":true,"backgroundColor":{"color":{"r":196,"g":196,"b":196}},"x":48,"y":0,"width":330,"height":185,"mask":{"type":"rectangle"},"isBackground":true,"type":"video","id":"dc251f14-ad21-40b3-aefc-2e2839f5d27a","scale":100,"focalX":71.80363568627624,"focalY":50.058171874650405,"resource":{"type":"video","mimeType":"video\/mp4","width":1920,"height":1080,"sizes":{"full":{"file":"media\/coverr:UZYCouYK63","sourceUrl":"https:\/\/cdn.coverr.co\/videos\/coverr-walking-up-the-stairs-4094\/1080p.mp4","mimeType":"video\/mp4","width":1920,"height":1080},"preview":{"file":"media\/coverr:UZYCouYK63","sourceUrl":"https:\/\/cdn.coverr.co\/videos\/coverr-walking-up-the-stairs-4094\/360p.mp4","mimeType":"video\/mp4","width":640,"height":360}},"isPlaceholder":false,"isExternal":true,"needsProxy":false,"id":"media\/coverr:UZYCouYK63","creationDate":"2019-10-27T08:01:14Z","src":"https:\/\/cdn.coverr.co\/videos\/coverr-walking-up-the-stairs-4094\/1080p.mp4","alt":"A low-angle shot of a woman walking up the stairs into a well-lit area. ","poster":"https:\/\/cdn.coverr.co\/videos\/coverr-walking-up-the-stairs-4094\/thumbnail?width=1920","posterId":"media\/coverr:UZYCouYK63","isOptimized":true,"length":17,"lengthFormatted":"0:17","isMuted":true},"overlay":{"type":"linear","rotation":0,"stops":[{"color":{"r":0,"g":0,"b":0,"a":0},"position":0},{"color":{"r":0,"g":0,"b":0,"a":1},"position":1}],"alpha":0.7},"loop":true},{"opacity":100,"flip":{"vertical":false,"horizontal":false},"rotationAngle":0,"lockAspectRatio":true,"backgroundTextMode":"NONE","font":{"family":"Noto Sans"},"fontSize":36,"backgroundColor":{"color":{"r":196,"g":196,"b":196}},"lineHeight":1.19,"textAlign":"left","padding":{"locked":true,"hasHiddenPadding":false,"horizontal":0,"vertical":0},"content":"<span style=\"font-weight: 700; color: #006eb8\">Quelles sont les donn\u00e9es d\u00e9mographiques \u00e9mergentes ?<\/span>","x":48,"y":438,"width":331,"borderRadius":{"locked":true,"topLeft":2,"topRight":2,"bottomRight":2,"bottomLeft":2},"type":"text","height":178,"id":"ec6c2752-5cda-4713-b290-7c1b16379119"},{"opacity":100,"flip":{"vertical":false,"horizontal":false},"rotationAngle":0,"lockAspectRatio":false,"scale":100,"focalX":50,"focalY":50,"resource":{"type":"image","mimeType":"image\/png","width":1080,"height":1080,"sizes":{"medium":{"file":"State-of-the-Great-Commission-Icon-300x300.png","width":300,"height":300,"filesize":15993,"mimeType":"image\/png","sourceUrl":"https:\/\/lausanne.org\/wp-content\/uploads\/2024\/04\/State-of-the-Great-Commission-Icon-300x300.png"},"large":{"file":"State-of-the-Great-Commission-Icon-1024x1024.png","width":1024,"height":1024,"filesize":64477,"mimeType":"image\/png","sourceUrl":"https:\/\/lausanne.org\/wp-content\/uploads\/2024\/04\/State-of-the-Great-Commission-Icon-1024x1024.png"},"thumbnail":{"file":"State-of-the-Great-Commission-Icon-150x150.png","width":150,"height":150,"filesize":7496,"mimeType":"image\/png","sourceUrl":"https:\/\/lausanne.org\/wp-content\/uploads\/2024\/04\/State-of-the-Great-Commission-Icon-150x150.png"},"medium_large":{"file":"State-of-the-Great-Commission-Icon-768x768.png","width":768,"height":768,"filesize":46321,"mimeType":"image\/png","sourceUrl":"https:\/\/lausanne.org\/wp-content\/uploads\/2024\/04\/State-of-the-Great-Commission-Icon-768x768.png"},"web-stories-poster-portrait":{"file":"State-of-the-Great-Commission-Icon-640x853.png","width":640,"height":853,"filesize":40405,"mimeType":"image\/png","sourceUrl":"https:\/\/lausanne.org\/wp-content\/uploads\/2024\/04\/State-of-the-Great-Commission-Icon-640x853.png"},"web-stories-publisher-logo":{"file":"State-of-the-Great-Commission-Icon-96x96.png","width":96,"height":96,"filesize":4613,"mimeType":"image\/png","sourceUrl":"https:\/\/lausanne.org\/wp-content\/uploads\/2024\/04\/State-of-the-Great-Commission-Icon-96x96.png"},"web-stories-thumbnail":{"file":"State-of-the-Great-Commission-Icon-150x150.png","width":150,"height":150,"filesize":7496,"mimeType":"image\/png","sourceUrl":"https:\/\/lausanne.org\/wp-content\/uploads\/2024\/04\/State-of-the-Great-Commission-Icon-150x150.png"},"full":{"file":"State-of-the-Great-Commission-Icon.png","width":1080,"height":1080,"mimeType":"image\/png","sourceUrl":"https:\/\/lausanne.org\/wp-content\/uploads\/2024\/04\/State-of-the-Great-Commission-Icon.png"}},"isPlaceholder":false,"isExternal":false,"needsProxy":false,"baseColor":"","blurHash":"","creationDate":1713444637000,"src":"https:\/\/lausanne.org\/wp-content\/uploads\/2024\/04\/State-of-the-Great-Commission-Icon.png","id":1029981,"alt":"State-of-the-Great-Commission-Icon","local":false},"type":"image","x":48,"y":372,"width":46,"height":46,"mask":{"type":"rectangle","showInLibrary":true,"name":"Rectangle","path":"M 0,0 1,0 1,1 0,1 0,0 Z","ratio":1,"supportsBorder":true},"id":"514ee884-c1fb-41ad-8fec-5de60940e237"}],"backgroundColor":{"color":{"r":255,"g":255,"b":255}},"id":"80a36be6-8424-489c-a507-b1e995aad1a5","defaultBackgroundElement":{"opacity":100,"flip":{"vertical":false,"horizontal":false},"rotationAngle":0,"lockAspectRatio":true,"backgroundColor":{"color":{"r":196,"g":196,"b":196}},"x":1,"y":1,"width":1,"height":1,"mask":{"type":"rectangle"},"isBackground":true,"isDefaultBackground":true,"type":"shape","id":"4a9e7e60-4ff6-41b6-a0f0-2b3a08e74773"},"animations":[]},{"elements":[{"opacity":100,"flip":{"vertical":false,"horizontal":false},"rotationAngle":0,"lockAspectRatio":true,"scale":100,"focalX":71.80363568627624,"focalY":50.058171874650405,"resource":{"type":"video","mimeType":"video\/mp4","width":1920,"height":1080,"sizes":{"full":{"file":"media\/coverr:UZYCouYK63","sourceUrl":"https:\/\/cdn.coverr.co\/videos\/coverr-walking-up-the-stairs-4094\/1080p.mp4","mimeType":"video\/mp4","width":1920,"height":1080},"preview":{"file":"media\/coverr:UZYCouYK63","sourceUrl":"https:\/\/cdn.coverr.co\/videos\/coverr-walking-up-the-stairs-4094\/360p.mp4","mimeType":"video\/mp4","width":640,"height":360}},"isPlaceholder":false,"isExternal":true,"needsProxy":false,"id":"media\/coverr:UZYCouYK63","creationDate":"2019-10-27T08:01:14Z","src":"https:\/\/cdn.coverr.co\/videos\/coverr-walking-up-the-stairs-4094\/1080p.mp4","alt":"A low-angle shot of a woman walking up the stairs into a well-lit area. ","poster":"https:\/\/cdn.coverr.co\/videos\/coverr-walking-up-the-stairs-4094\/thumbnail?width=1920","posterId":"media\/coverr:UZYCouYK63","isOptimized":true,"length":17,"lengthFormatted":"0:17","isMuted":true},"controls":false,"loop":true,"autoPlay":true,"volume":1,"tracks":[],"backgroundColor":{"color":{"r":196,"g":196,"b":196}},"x":48,"y":0,"width":330,"height":185,"mask":{"type":"rectangle"},"isBackground":true,"id":"3f4be1e3-98e9-4d7a-a56c-8036f2b09bef","overlay":{"color":{"r":0,"g":110,"b":184,"a":0.5}},"type":"video"},{"opacity":100,"flip":{"vertical":false,"horizontal":false},"rotationAngle":0,"lockAspectRatio":true,"backgroundColor":{"color":{"r":255,"g":255,"b":255}},"width":518,"height":518,"x":-154,"y":50,"mask":{"type":"circle-2"},"id":"e384a1c3-a1aa-4f41-baae-84757c5bd87f","type":"shape"},{"opacity":100,"flip":{"vertical":false,"horizontal":false},"rotationAngle":0,"lockAspectRatio":true,"backgroundTextMode":"NONE","font":{"family":"Noto Sans"},"fontSize":28,"backgroundColor":{"color":{"r":196,"g":196,"b":196}},"lineHeight":1.2,"textAlign":"left","padding":{"locked":true,"hasHiddenPadding":false,"horizontal":0,"vertical":0},"content":"\u00c0 l\u2019horizon 2050, des changements \u00e9conomiques et d\u00e9mographiques majeurs risquent de fa\u00e7onner la culture mondiale.","x":48,"y":189,"width":239,"borderRadius":{"locked":true,"topLeft":2,"topRight":2,"bottomRight":2,"bottomLeft":2},"height":240,"id":"91a18df6-db18-421c-bbfe-44b99e82f8bc","type":"text"},{"opacity":100,"flip":{"vertical":false,"horizontal":false},"rotationAngle":0,"lockAspectRatio":false,"scale":100,"focalX":50,"focalY":50,"resource":{"type":"image","mimeType":"image\/png","width":1080,"height":1080,"sizes":{"medium":{"file":"State-of-the-Great-Commission-Emerging-Demographics-Icon-300x300.png","width":300,"height":300,"filesize":28591,"mimeType":"image\/png","sourceUrl":"https:\/\/lausanne.org\/wp-content\/uploads\/2024\/04\/State-of-the-Great-Commission-Emerging-Demographics-Icon-300x300.png"},"large":{"file":"State-of-the-Great-Commission-Emerging-Demographics-Icon-1024x1024.png","width":1024,"height":1024,"filesize":161392,"mimeType":"image\/png","sourceUrl":"https:\/\/lausanne.org\/wp-content\/uploads\/2024\/04\/State-of-the-Great-Commission-Emerging-Demographics-Icon-1024x1024.png"},"thumbnail":{"file":"State-of-the-Great-Commission-Emerging-Demographics-Icon-150x150.png","width":150,"height":150,"filesize":10974,"mimeType":"image\/png","sourceUrl":"https:\/\/lausanne.org\/wp-content\/uploads\/2024\/04\/State-of-the-Great-Commission-Emerging-Demographics-Icon-150x150.png"},"medium_large":{"file":"State-of-the-Great-Commission-Emerging-Demographics-Icon-768x768.png","width":768,"height":768,"filesize":106580,"mimeType":"image\/png","sourceUrl":"https:\/\/lausanne.org\/wp-content\/uploads\/2024\/04\/State-of-the-Great-Commission-Emerging-Demographics-Icon-768x768.png"},"web-stories-poster-portrait":{"file":"State-of-the-Great-Commission-Emerging-Demographics-Icon-640x853.png","width":640,"height":853,"filesize":121271,"mimeType":"image\/png","sourceUrl":"https:\/\/lausanne.org\/wp-content\/uploads\/2024\/04\/State-of-the-Great-Commission-Emerging-Demographics-Icon-640x853.png"},"web-stories-publisher-logo":{"file":"State-of-the-Great-Commission-Emerging-Demographics-Icon-96x96.png","width":96,"height":96,"filesize":6126,"mimeType":"image\/png","sourceUrl":"https:\/\/lausanne.org\/wp-content\/uploads\/2024\/04\/State-of-the-Great-Commission-Emerging-Demographics-Icon-96x96.png"},"web-stories-thumbnail":{"file":"State-of-the-Great-Commission-Emerging-Demographics-Icon-150x150.png","width":150,"height":150,"filesize":10974,"mimeType":"image\/png","sourceUrl":"https:\/\/lausanne.org\/wp-content\/uploads\/2024\/04\/State-of-the-Great-Commission-Emerging-Demographics-Icon-150x150.png"},"full":{"file":"State-of-the-Great-Commission-Emerging-Demographics-Icon.png","width":1080,"height":1080,"mimeType":"image\/png","sourceUrl":"https:\/\/lausanne.org\/wp-content\/uploads\/2024\/04\/State-of-the-Great-Commission-Emerging-Demographics-Icon.png"}},"isPlaceholder":false,"isExternal":false,"needsProxy":false,"baseColor":"#7697bc","blurHash":"U64yZ-j]8waykDfQaefQ8wf6%%fPaefQjsfQ","creationDate":1713805325000,"src":"https:\/\/lausanne.org\/wp-content\/uploads\/2024\/04\/State-of-the-Great-Commission-Emerging-Demographics-Icon.png","id":1033537,"alt":"State-of-the-Great-Commission-Emerging-Demographics-Icon","local":false},"x":140,"y":14,"width":213,"height":205,"mask":{"type":"rectangle","showInLibrary":true,"name":"Rectangle","path":"M 0,0 1,0 1,1 0,1 0,0 Z","ratio":1,"supportsBorder":true},"id":"2daa7954-bee0-4d2c-8979-87bedffc5f53","type":"image"}],"backgroundColor":{"color":{"r":255,"g":255,"b":255}},"animations":[{"id":"b782b5eb-503b-4d0a-8807-67a7500374b0","type":"effect-fade-in","duration":2000,"delay":0,"targets":["e384a1c3-a1aa-4f41-baae-84757c5bd87f"]},{"id":"eac6ad80-7887-46c1-a807-f65e24e54988","type":"effect-fade-in","duration":2000,"delay":0,"targets":["91a18df6-db18-421c-bbfe-44b99e82f8bc"]},{"id":"d6430111-0252-450d-937a-ca943a12ebf9","type":"effect-fly-in","flyInDir":"rightToLeft","duration":2000,"delay":0,"targets":["2daa7954-bee0-4d2c-8979-87bedffc5f53"]}],"id":"cf517420-47cb-47b5-a90e-40cfb5d25b6b","defaultBackgroundElement":{"opacity":100,"flip":{"vertical":false,"horizontal":false},"rotationAngle":0,"lockAspectRatio":true,"backgroundColor":{"color":{"r":196,"g":196,"b":196}},"x":1,"y":1,"width":1,"height":1,"mask":{"type":"rectangle"},"isBackground":true,"isDefaultBackground":true,"type":"shape","id":"4a9e7e60-4ff6-41b6-a0f0-2b3a08e74773"}},{"elements":[{"opacity":100,"flip":{"vertical":false,"horizontal":false},"rotationAngle":0,"lockAspectRatio":true,"backgroundColor":{"color":{"r":196,"g":196,"b":196}},"x":48,"y":0,"width":330,"height":156,"mask":{"type":"rectangle"},"isBackground":true,"type":"image","id":"58235e51-1798-467d-9cde-61799b2b0138","scale":100,"focalX":57.092285113628115,"focalY":50.058171874650405,"resource":{"type":"image","mimeType":"image\/jpeg","width":1920,"height":910,"sizes":{"medium":{"file":"Lausanne-rise-of-africa-image2-300x142.jpg","width":300,"height":142,"filesize":8197,"mimeType":"image\/jpeg","sourceUrl":"https:\/\/lausanne.org\/wp-content\/uploads\/2024\/04\/Lausanne-rise-of-africa-image2-300x142.jpg"},"large":{"file":"Lausanne-rise-of-africa-image2-1024x485.jpg","width":1024,"height":485,"filesize":50658,"mimeType":"image\/jpeg","sourceUrl":"https:\/\/lausanne.org\/wp-content\/uploads\/2024\/04\/Lausanne-rise-of-africa-image2-1024x485.jpg"},"thumbnail":{"file":"Lausanne-rise-of-africa-image2-150x150.jpg","width":150,"height":150,"filesize":6492,"mimeType":"image\/jpeg","sourceUrl":"https:\/\/lausanne.org\/wp-content\/uploads\/2024\/04\/Lausanne-rise-of-africa-image2-150x150.jpg"},"medium_large":{"file":"Lausanne-rise-of-africa-image2-768x364.jpg","width":768,"height":364,"filesize":31393,"mimeType":"image\/jpeg","sourceUrl":"https:\/\/lausanne.org\/wp-content\/uploads\/2024\/04\/Lausanne-rise-of-africa-image2-768x364.jpg"},"1536x1536":{"file":"Lausanne-rise-of-africa-image2-1536x728.jpg","width":1536,"height":728,"filesize":98496,"mimeType":"image\/jpeg","sourceUrl":"https:\/\/lausanne.org\/wp-content\/uploads\/2024\/04\/Lausanne-rise-of-africa-image2-1536x728.jpg"},"lmv-content-width":{"file":"Lausanne-rise-of-africa-image2-1400x664.jpg","width":1400,"height":664,"filesize":84706,"mimeType":"image\/jpeg","sourceUrl":"https:\/\/lausanne.org\/wp-content\/uploads\/2024\/04\/Lausanne-rise-of-africa-image2-1400x664.jpg"},"web-stories-poster-portrait":{"file":"Lausanne-rise-of-africa-image2-640x853.jpg","width":640,"height":853,"filesize":86615,"mimeType":"image\/jpeg","sourceUrl":"https:\/\/lausanne.org\/wp-content\/uploads\/2024\/04\/Lausanne-rise-of-africa-image2-640x853.jpg"},"web-stories-publisher-logo":{"file":"Lausanne-rise-of-africa-image2-96x96.jpg","width":96,"height":96,"filesize":4024,"mimeType":"image\/jpeg","sourceUrl":"https:\/\/lausanne.org\/wp-content\/uploads\/2024\/04\/Lausanne-rise-of-africa-image2-96x96.jpg"},"web-stories-thumbnail":{"file":"Lausanne-rise-of-africa-image2-150x71.jpg","width":150,"height":71,"filesize":4113,"mimeType":"image\/jpeg","sourceUrl":"https:\/\/lausanne.org\/wp-content\/uploads\/2024\/04\/Lausanne-rise-of-africa-image2-150x71.jpg"},"full":{"file":"Lausanne-rise-of-africa-image2.jpg","width":1920,"height":910,"mimeType":"image\/jpeg","sourceUrl":"https:\/\/lausanne.org\/wp-content\/uploads\/2024\/04\/Lausanne-rise-of-africa-image2.jpg"}},"isPlaceholder":false,"isExternal":false,"needsProxy":false,"baseColor":"#7c695b","blurHash":"UYIO2:r;~qn#9Fx]i_-:adbbM{bbR*ayt7Rj","creationDate":"2024-04-15T08:03:06","src":"https:\/\/lausanne.org\/wp-content\/uploads\/2024\/04\/Lausanne-rise-of-africa-image2.jpg","id":1020639,"alt":"","local":false},"overlay":{"type":"linear","rotation":0,"stops":[{"color":{"r":0,"g":0,"b":0,"a":0},"position":0},{"color":{"r":0,"g":0,"b":0,"a":1},"position":1}],"alpha":0.7}},{"opacity":100,"flip":{"vertical":false,"horizontal":false},"rotationAngle":0,"lockAspectRatio":true,"backgroundTextMode":"NONE","font":{"family":"Noto Sans"},"fontSize":26,"backgroundColor":{"color":{"r":196,"g":196,"b":196}},"lineHeight":1.2,"textAlign":"left","padding":{"locked":true,"hasHiddenPadding":false,"horizontal":0,"vertical":0},"content":"<span style=\"color: #fff\">Avec des taux de natalit\u00e9 \u00e9lev\u00e9s et soutenus gr\u00e2ce aux progr\u00e8s m\u00e9dicaux, l\u2019Afrique subsaharienne deviendra la r\u00e9gion la plus peupl\u00e9e du monde d\u2019ici la fin du si\u00e8cle.<\/span>","x":48,"y":308,"width":301,"borderRadius":{"locked":true,"topLeft":2,"topRight":2,"bottomRight":2,"bottomLeft":2},"type":"text","height":254,"id":"ab063d38-4571-4df3-8d8e-1bdd856a2335"},{"opacity":100,"flip":{"vertical":false,"horizontal":false},"rotationAngle":0,"lockAspectRatio":true,"backgroundTextMode":"NONE","font":{"family":"Noto Sans"},"fontSize":28,"backgroundColor":{"color":{"r":196,"g":196,"b":196}},"lineHeight":1.2,"textAlign":"left","padding":{"locked":true,"hasHiddenPadding":false,"horizontal":0,"vertical":0},"content":"<span style=\"font-weight: 700; color: #fff\">Population Mondiale<\/span>","x":48,"y":260,"width":313,"borderRadius":{"locked":true,"topLeft":2,"topRight":2,"bottomRight":2,"bottomLeft":2},"height":38,"id":"3253904e-c168-4e9f-b5b1-aee4b342bf11","type":"text"}],"backgroundColor":{"color":{"r":255,"g":255,"b":255}},"id":"c8e57d34-01c1-4417-8e2c-1a537f4d1880","animations":[],"pageAttachment":{"url":"https:\/\/lausanne.org\/fr\/report\/quelles-sont-les-donnees-demographiques-emergentes\/statistiques-population-mondiale","icon":"https:\/\/lausanne.org\/wp-content\/uploads\/2024\/04\/cropped-State-of-the-Great-Commission-Icon.png","needsProxy":false,"ctaText":"Apprendre Encore Plus","theme":"light"},"defaultBackgroundElement":{"opacity":100,"flip":{"vertical":false,"horizontal":false},"rotationAngle":0,"lockAspectRatio":true,"backgroundColor":{"color":{"r":196,"g":196,"b":196}},"x":1,"y":1,"width":1,"height":1,"mask":{"type":"rectangle"},"isBackground":true,"isDefaultBackground":true,"type":"shape","id":"7ad5f182-cf83-42a6-b551-e2e9736e78a4"}},{"elements":[{"opacity":100,"flip":{"vertical":false,"horizontal":false},"rotationAngle":0,"lockAspectRatio":true,"backgroundColor":{"color":{"r":196,"g":196,"b":196}},"x":1,"y":1,"width":1,"height":1,"mask":{"type":"rectangle"},"isBackground":true,"isDefaultBackground":true,"id":"8d504f06-6955-4c47-8695-b2f22ba5b259","type":"shape"},{"opacity":100,"flip":{"vertical":false,"horizontal":false},"rotationAngle":0,"lockAspectRatio":false,"scale":100,"focalX":50,"focalY":50,"resource":{"type":"image","mimeType":"image\/jpeg","width":1920,"height":1064,"sizes":{"medium":{"file":"Infographic_FR_Global_Aging_Projected_Population_Growth-300x166.jpg","width":300,"height":166,"filesize":9851,"mimeType":"image\/jpeg","sourceUrl":"https:\/\/lausanne.org\/wp-content\/uploads\/2024\/06\/Infographic_FR_Global_Aging_Projected_Population_Growth-300x166.jpg"},"large":{"file":"Infographic_FR_Global_Aging_Projected_Population_Growth-1024x567.jpg","width":1024,"height":567,"filesize":52096,"mimeType":"image\/jpeg","sourceUrl":"https:\/\/lausanne.org\/wp-content\/uploads\/2024\/06\/Infographic_FR_Global_Aging_Projected_Population_Growth-1024x567.jpg"},"thumbnail":{"file":"Infographic_FR_Global_Aging_Projected_Population_Growth-150x150.jpg","width":150,"height":150,"filesize":4428,"mimeType":"image\/jpeg","sourceUrl":"https:\/\/lausanne.org\/wp-content\/uploads\/2024\/06\/Infographic_FR_Global_Aging_Projected_Population_Growth-150x150.jpg"},"medium_large":{"file":"Infographic_FR_Global_Aging_Projected_Population_Growth-768x426.jpg","width":768,"height":426,"filesize":36429,"mimeType":"image\/jpeg","sourceUrl":"https:\/\/lausanne.org\/wp-content\/uploads\/2024\/06\/Infographic_FR_Global_Aging_Projected_Population_Growth-768x426.jpg"},"1536x1536":{"file":"Infographic_FR_Global_Aging_Projected_Population_Growth-1536x851.jpg","width":1536,"height":851,"filesize":93344,"mimeType":"image\/jpeg","sourceUrl":"https:\/\/lausanne.org\/wp-content\/uploads\/2024\/06\/Infographic_FR_Global_Aging_Projected_Population_Growth-1536x851.jpg"},"lmv-content-width":{"file":"Infographic_FR_Global_Aging_Projected_Population_Growth-1400x776.jpg","width":1400,"height":776,"filesize":80545,"mimeType":"image\/jpeg","sourceUrl":"https:\/\/lausanne.org\/wp-content\/uploads\/2024\/06\/Infographic_FR_Global_Aging_Projected_Population_Growth-1400x776.jpg"},"web-stories-poster-portrait":{"file":"Infographic_FR_Global_Aging_Projected_Population_Growth-640x853.jpg","width":640,"height":853,"filesize":36013,"mimeType":"image\/jpeg","sourceUrl":"https:\/\/lausanne.org\/wp-content\/uploads\/2024\/06\/Infographic_FR_Global_Aging_Projected_Population_Growth-640x853.jpg"},"web-stories-publisher-logo":{"file":"Infographic_FR_Global_Aging_Projected_Population_Growth-96x96.jpg","width":96,"height":96,"filesize":2254,"mimeType":"image\/jpeg","sourceUrl":"https:\/\/lausanne.org\/wp-content\/uploads\/2024\/06\/Infographic_FR_Global_Aging_Projected_Population_Growth-96x96.jpg"},"web-stories-thumbnail":{"file":"Infographic_FR_Global_Aging_Projected_Population_Growth-150x83.jpg","width":150,"height":83,"filesize":3412,"mimeType":"image\/jpeg","sourceUrl":"https:\/\/lausanne.org\/wp-content\/uploads\/2024\/06\/Infographic_FR_Global_Aging_Projected_Population_Growth-150x83.jpg"},"full":{"file":"Infographic_FR_Global_Aging_Projected_Population_Growth.jpg","width":1920,"height":1064,"mimeType":"image\/jpeg","sourceUrl":"https:\/\/lausanne.org\/wp-content\/uploads\/2024\/06\/Infographic_FR_Global_Aging_Projected_Population_Growth.jpg"}},"isPlaceholder":false,"isExternal":false,"needsProxy":false,"baseColor":"#f3f5f4","blurHash":"U3SijY4n9FRj_4D%D%D%McISELIoO?ozbut2","creationDate":"2024-06-25T05:19:07","src":"https:\/\/lausanne.org\/wp-content\/uploads\/2024\/06\/Infographic_FR_Global_Aging_Projected_Population_Growth.jpg","id":1092090,"alt":"","local":false,"provider":"local"},"type":"image","x":-163,"y":0,"width":531,"height":330,"mask":{"type":"rectangle","showInLibrary":true,"name":"Rectangle","path":"M 0,0 1,0 1,1 0,1 0,0 Z","ratio":1,"supportsBorder":true},"id":"c27d546b-aee0-48de-ba63-afe1f48f224f","alt":"Graph showing growth of Christian denominations"},{"opacity":100,"flip":{"vertical":false,"horizontal":false},"rotationAngle":0,"lockAspectRatio":true,"backgroundTextMode":"NONE","font":{"family":"Noto Sans"},"fontSize":26,"backgroundColor":{"color":{"r":196,"g":196,"b":196}},"lineHeight":1.2,"textAlign":"left","padding":{"locked":true,"hasHiddenPadding":false,"horizontal":0,"vertical":0},"content":"L\u2019une des tendances d\u00e9mographiques les plus transformatrices de notre \u00e9poque est le vieillissement mondial.","x":47,"y":416,"width":316,"borderRadius":{"locked":true,"topLeft":2,"topRight":2,"bottomRight":2,"bottomLeft":2},"height":160,"id":"9033db5f-12f7-42f1-9728-b924a637d4ad","type":"text"},{"opacity":100,"flip":{"vertical":false,"horizontal":false},"rotationAngle":0,"lockAspectRatio":true,"backgroundTextMode":"NONE","font":{"family":"Noto Sans"},"fontSize":28,"backgroundColor":{"color":{"r":196,"g":196,"b":196}},"lineHeight":1.2,"textAlign":"left","padding":{"locked":true,"hasHiddenPadding":false,"horizontal":0,"vertical":0},"content":"<span style=\"font-weight: 700\">Vieillissement Mondial<\/span>","x":47,"y":367,"width":371,"borderRadius":{"locked":true,"topLeft":2,"topRight":2,"bottomRight":2,"bottomLeft":2},"height":38,"id":"78b65307-efa9-4b55-85c9-5b8549f0b6d1","type":"text"},{"opacity":100,"flip":{"vertical":false,"horizontal":false},"rotationAngle":0,"lockAspectRatio":true,"backgroundColor":{"color":{"r":0,"g":0,"b":0,"a":0}},"width":98,"height":98,"x":279,"y":16,"mask":{"type":"circle-2"},"id":"e49f0a20-06ce-4ecb-bce7-7a95e6594645","border":{"locked":true,"color":{"color":{"r":0,"g":23,"b":112}},"left":4,"right":4,"top":4,"bottom":4},"type":"shape"}],"backgroundColor":{"color":{"r":255,"g":255,"b":255}},"animations":[{"id":"a0ab81a8-4c4f-4ce2-9026-4c3fd663c0ec","type":"effect-pulse","scale":0.5,"iterations":1,"duration":1450,"delay":0,"targets":["e49f0a20-06ce-4ecb-bce7-7a95e6594645"]}],"id":"9b18d631-5c16-4ad0-baf9-9054609849c1","pageAttachment":{"url":"https:\/\/lausanne.org\/fr\/report\/quelles-sont-les-donnees-demographiques-emergentes\/statistiques-mondial-vieillissement","icon":"https:\/\/lausanne.org\/wp-content\/uploads\/2024\/04\/cropped-State-of-the-Great-Commission-Icon.png","needsProxy":false,"ctaText":"Apprendre Encore Plus"}},{"elements":[{"opacity":100,"flip":{"vertical":false,"horizontal":false},"rotationAngle":0,"lockAspectRatio":true,"backgroundColor":{"color":{"r":196,"g":196,"b":196}},"x":1,"y":1,"width":1,"height":1,"mask":{"type":"rectangle"},"isBackground":true,"isDefaultBackground":true,"id":"0e1eec35-a655-43b1-9366-cd053952cb58","type":"shape"},{"opacity":100,"flip":{"vertical":false,"horizontal":false},"rotationAngle":0,"lockAspectRatio":false,"scale":100,"focalX":50,"focalY":50,"resource":{"type":"image","mimeType":"image\/jpeg","width":1920,"height":978,"sizes":{"medium":{"file":"State_of_the_Great_Commission_New_Middle_Class_Global_Middle_Class_1950-2030-300x153.jpg","width":300,"height":153,"filesize":7668,"mimeType":"image\/jpeg","sourceUrl":"https:\/\/lausanne.org\/wp-content\/uploads\/2024\/04\/State_of_the_Great_Commission_New_Middle_Class_Global_Middle_Class_1950-2030-300x153.jpg"},"large":{"file":"State_of_the_Great_Commission_New_Middle_Class_Global_Middle_Class_1950-2030-1024x522.jpg","width":1024,"height":522,"filesize":38664,"mimeType":"image\/jpeg","sourceUrl":"https:\/\/lausanne.org\/wp-content\/uploads\/2024\/04\/State_of_the_Great_Commission_New_Middle_Class_Global_Middle_Class_1950-2030-1024x522.jpg"},"thumbnail":{"file":"State_of_the_Great_Commission_New_Middle_Class_Global_Middle_Class_1950-2030-150x150.jpg","width":150,"height":150,"filesize":3733,"mimeType":"image\/jpeg","sourceUrl":"https:\/\/lausanne.org\/wp-content\/uploads\/2024\/04\/State_of_the_Great_Commission_New_Middle_Class_Global_Middle_Class_1950-2030-150x150.jpg"},"medium_large":{"file":"State_of_the_Great_Commission_New_Middle_Class_Global_Middle_Class_1950-2030-768x391.jpg","width":768,"height":391,"filesize":26789,"mimeType":"image\/jpeg","sourceUrl":"https:\/\/lausanne.org\/wp-content\/uploads\/2024\/04\/State_of_the_Great_Commission_New_Middle_Class_Global_Middle_Class_1950-2030-768x391.jpg"},"1536x1536":{"file":"State_of_the_Great_Commission_New_Middle_Class_Global_Middle_Class_1950-2030-1536x782.jpg","width":1536,"height":782,"filesize":66517,"mimeType":"image\/jpeg","sourceUrl":"https:\/\/lausanne.org\/wp-content\/uploads\/2024\/04\/State_of_the_Great_Commission_New_Middle_Class_Global_Middle_Class_1950-2030-1536x782.jpg"},"lmv-content-width":{"file":"State_of_the_Great_Commission_New_Middle_Class_Global_Middle_Class_1950-2030-1400x713.jpg","width":1400,"height":713,"filesize":56490,"mimeType":"image\/jpeg","sourceUrl":"https:\/\/lausanne.org\/wp-content\/uploads\/2024\/04\/State_of_the_Great_Commission_New_Middle_Class_Global_Middle_Class_1950-2030-1400x713.jpg"},"web-stories-poster-portrait":{"file":"State_of_the_Great_Commission_New_Middle_Class_Global_Middle_Class_1950-2030-640x853.jpg","width":640,"height":853,"filesize":23259,"mimeType":"image\/jpeg","sourceUrl":"https:\/\/lausanne.org\/wp-content\/uploads\/2024\/04\/State_of_the_Great_Commission_New_Middle_Class_Global_Middle_Class_1950-2030-640x853.jpg"},"web-stories-publisher-logo":{"file":"State_of_the_Great_Commission_New_Middle_Class_Global_Middle_Class_1950-2030-96x96.jpg","width":96,"height":96,"filesize":2095,"mimeType":"image\/jpeg","sourceUrl":"https:\/\/lausanne.org\/wp-content\/uploads\/2024\/04\/State_of_the_Great_Commission_New_Middle_Class_Global_Middle_Class_1950-2030-96x96.jpg"},"web-stories-thumbnail":{"file":"State_of_the_Great_Commission_New_Middle_Class_Global_Middle_Class_1950-2030-150x76.jpg","width":150,"height":76,"filesize":3358,"mimeType":"image\/jpeg","sourceUrl":"https:\/\/lausanne.org\/wp-content\/uploads\/2024\/04\/State_of_the_Great_Commission_New_Middle_Class_Global_Middle_Class_1950-2030-150x76.jpg"},"full":{"file":"State_of_the_Great_Commission_New_Middle_Class_Global_Middle_Class_1950-2030.jpg","width":1920,"height":978,"mimeType":"image\/jpeg","sourceUrl":"https:\/\/lausanne.org\/wp-content\/uploads\/2024\/04\/State_of_the_Great_Commission_New_Middle_Class_Global_Middle_Class_1950-2030.jpg"}},"isPlaceholder":false,"isExternal":false,"needsProxy":false,"baseColor":"#086cb2","blurHash":"UeO4PI?J%Ij^^-xmE2WB_09aN2%KE1IY--og","creationDate":"2024-04-16T07:45:57.000Z","src":"https:\/\/lausanne.org\/wp-content\/uploads\/2024\/04\/State_of_the_Great_Commission_New_Middle_Class_Global_Middle_Class_1950-2030.jpg","id":1023992,"alt":"State_of_the_Great_Commission_New_Middle_Class_Global_Middle_Class_1950-2030","local":false},"type":"image","x":-298,"y":239,"width":673,"height":347,"mask":{"type":"rectangle","showInLibrary":true,"name":"Rectangle","path":"M 0,0 1,0 1,1 0,1 0,0 Z","ratio":1,"supportsBorder":true},"id":"45ecd47f-7c62-4bfe-9607-2a836b7b70f4","alt":"Map contrasting theological school distribution and population density."},{"opacity":100,"flip":{"vertical":false,"horizontal":false},"rotationAngle":0,"lockAspectRatio":true,"backgroundTextMode":"NONE","font":{"family":"Noto Sans"},"fontSize":22,"backgroundColor":{"color":{"r":196,"g":196,"b":196}},"lineHeight":1.2,"textAlign":"left","padding":{"locked":true,"hasHiddenPadding":false,"horizontal":0,"vertical":0},"content":"Les in\u00e9galit\u00e9s de revenus demeurent un d\u00e9fi et de nombreuses personnes continuent de vivre dans la pauvret\u00e9, mais le dernier demi-si\u00e8cle a \u00e9t\u00e9 t\u00e9moin d\u2019une transformation dans la r\u00e9partition de la richesse mondiale.","x":48,"y":81,"width":326,"borderRadius":{"locked":true,"topLeft":2,"topRight":2,"bottomRight":2,"bottomLeft":2},"height":241,"id":"b76d4eaa-79f5-43eb-bcc5-61e891efc92c","type":"text"},{"opacity":100,"flip":{"vertical":false,"horizontal":false},"rotationAngle":0,"lockAspectRatio":true,"backgroundTextMode":"NONE","font":{"family":"Noto Sans"},"fontSize":28,"backgroundColor":{"color":{"r":196,"g":196,"b":196}},"lineHeight":1.2,"textAlign":"left","padding":{"locked":true,"hasHiddenPadding":false,"horizontal":0,"vertical":0},"content":"<span style=\"font-weight: 700\">Une Nouvelle Classe Moyenne<\/span>","x":48,"y":0,"width":355,"borderRadius":{"locked":true,"topLeft":2,"topRight":2,"bottomRight":2,"bottomLeft":2},"height":72,"id":"15d6764a-1ef7-4b73-8596-8af09cf6951c","type":"text"}],"backgroundColor":{"color":{"r":255,"g":255,"b":255}},"animations":[],"id":"a8fd6878-6d4d-46a5-8dad-400ef281e6d9","pageAttachment":{"url":"https:\/\/lausanne.org\/fr\/report\/quelles-sont-les-donnees-demographiques-emergentes\/statistiques-nouvelle-classe-moyenne","icon":"https:\/\/lausanne.org\/wp-content\/uploads\/2024\/04\/cropped-State-of-the-Great-Commission-Icon.png","needsProxy":false,"ctaText":"Apprendre Encore Plus"}},{"elements":[{"opacity":100,"flip":{"vertical":false,"horizontal":false},"rotationAngle":0,"lockAspectRatio":true,"backgroundColor":{"color":{"r":196,"g":196,"b":196}},"x":1,"y":1,"width":1,"height":1,"mask":{"type":"rectangle"},"isBackground":true,"isDefaultBackground":true,"id":"f00310bc-1341-41e5-b09c-027b8c5595f6","type":"shape"},{"opacity":100,"flip":{"vertical":false,"horizontal":false},"rotationAngle":0,"lockAspectRatio":false,"scale":100,"focalX":50,"focalY":50,"resource":{"type":"image","mimeType":"image\/jpeg","width":1920,"height":987,"sizes":{"medium":{"file":"Infographic_FR_Youth_Global_Median_Age_2021-300x154.jpg","width":300,"height":154,"filesize":8432,"mimeType":"image\/jpeg","sourceUrl":"https:\/\/lausanne.org\/wp-content\/uploads\/2024\/06\/Infographic_FR_Youth_Global_Median_Age_2021-300x154.jpg"},"large":{"file":"Infographic_FR_Youth_Global_Median_Age_2021-1024x526.jpg","width":1024,"height":526,"filesize":61992,"mimeType":"image\/jpeg","sourceUrl":"https:\/\/lausanne.org\/wp-content\/uploads\/2024\/06\/Infographic_FR_Youth_Global_Median_Age_2021-1024x526.jpg"},"thumbnail":{"file":"Infographic_FR_Youth_Global_Median_Age_2021-150x150.jpg","width":150,"height":150,"filesize":4769,"mimeType":"image\/jpeg","sourceUrl":"https:\/\/lausanne.org\/wp-content\/uploads\/2024\/06\/Infographic_FR_Youth_Global_Median_Age_2021-150x150.jpg"},"medium_large":{"file":"Infographic_FR_Youth_Global_Median_Age_2021-768x395.jpg","width":768,"height":395,"filesize":40094,"mimeType":"image\/jpeg","sourceUrl":"https:\/\/lausanne.org\/wp-content\/uploads\/2024\/06\/Infographic_FR_Youth_Global_Median_Age_2021-768x395.jpg"},"1536x1536":{"file":"Infographic_FR_Youth_Global_Median_Age_2021-1536x790.jpg","width":1536,"height":790,"filesize":108547,"mimeType":"image\/jpeg","sourceUrl":"https:\/\/lausanne.org\/wp-content\/uploads\/2024\/06\/Infographic_FR_Youth_Global_Median_Age_2021-1536x790.jpg"},"lmv-content-width":{"file":"Infographic_FR_Youth_Global_Median_Age_2021-1400x720.jpg","width":1400,"height":720,"filesize":94236,"mimeType":"image\/jpeg","sourceUrl":"https:\/\/lausanne.org\/wp-content\/uploads\/2024\/06\/Infographic_FR_Youth_Global_Median_Age_2021-1400x720.jpg"},"web-stories-poster-portrait":{"file":"Infographic_FR_Youth_Global_Median_Age_2021-640x853.jpg","width":640,"height":853,"filesize":60709,"mimeType":"image\/jpeg","sourceUrl":"https:\/\/lausanne.org\/wp-content\/uploads\/2024\/06\/Infographic_FR_Youth_Global_Median_Age_2021-640x853.jpg"},"web-stories-publisher-logo":{"file":"Infographic_FR_Youth_Global_Median_Age_2021-96x96.jpg","width":96,"height":96,"filesize":2221,"mimeType":"image\/jpeg","sourceUrl":"https:\/\/lausanne.org\/wp-content\/uploads\/2024\/06\/Infographic_FR_Youth_Global_Median_Age_2021-96x96.jpg"},"web-stories-thumbnail":{"file":"Infographic_FR_Youth_Global_Median_Age_2021-150x77.jpg","width":150,"height":77,"filesize":2583,"mimeType":"image\/jpeg","sourceUrl":"https:\/\/lausanne.org\/wp-content\/uploads\/2024\/06\/Infographic_FR_Youth_Global_Median_Age_2021-150x77.jpg"},"full":{"file":"Infographic_FR_Youth_Global_Median_Age_2021.jpg","width":1920,"height":987,"mimeType":"image\/jpeg","sourceUrl":"https:\/\/lausanne.org\/wp-content\/uploads\/2024\/06\/Infographic_FR_Youth_Global_Median_Age_2021.jpg"}},"isPlaceholder":false,"isExternal":false,"needsProxy":false,"baseColor":"#eeeff0","blurHash":"U6SY{q9Z_3Rk?b9F4.%M~W%M4.D%Io%M?bD*","creationDate":"2024-06-25T05:39:47","src":"https:\/\/lausanne.org\/wp-content\/uploads\/2024\/06\/Infographic_FR_Youth_Global_Median_Age_2021.jpg","id":1092318,"alt":"","local":false,"provider":"local"},"x":-10,"y":-99,"width":553,"height":310,"mask":{"type":"rectangle","showInLibrary":true,"name":"Rectangle","path":"M 0,0 1,0 1,1 0,1 0,0 Z","ratio":1,"supportsBorder":true},"id":"666d8b8f-2bcc-4125-a154-177acab9ec7c","alt":"Graph showing growth of Christian denominations","type":"image"},{"opacity":100,"flip":{"vertical":false,"horizontal":false},"rotationAngle":0,"lockAspectRatio":true,"backgroundTextMode":"NONE","font":{"family":"Noto Sans"},"fontSize":24,"backgroundColor":{"color":{"r":196,"g":196,"b":196}},"lineHeight":1.2,"textAlign":"left","padding":{"locked":true,"hasHiddenPadding":false,"horizontal":0,"vertical":0},"content":"M\u00eame si leurs populations vont vieillir dans les d\u00e9cennies \u00e0 venir, l\u2019Am\u00e9rique latine, l\u2019Asie et l\u2019Oc\u00e9anie comptent \u00e9galement en 2022 un nombre bien plus \u00e9lev\u00e9 de personnes de moins de 15 ans que de personnes de plus de 65 ans.","x":47,"y":271,"width":316,"borderRadius":{"locked":true,"topLeft":2,"topRight":2,"bottomRight":2,"bottomLeft":2},"height":292,"id":"951c2c96-576f-491b-be36-8f822665702d","type":"text"},{"opacity":100,"flip":{"vertical":false,"horizontal":false},"rotationAngle":0,"lockAspectRatio":true,"backgroundTextMode":"NONE","font":{"family":"Noto Sans"},"fontSize":28,"backgroundColor":{"color":{"r":196,"g":196,"b":196}},"lineHeight":1.2,"textAlign":"left","padding":{"locked":true,"hasHiddenPadding":false,"horizontal":0,"vertical":0},"content":"<span style=\"font-weight: 700\">Jeunesse<\/span>","x":47,"y":222,"width":371,"borderRadius":{"locked":true,"topLeft":2,"topRight":2,"bottomRight":2,"bottomLeft":2},"height":38,"id":"ff8e4a4a-75d3-4c43-a38e-c6875fa7717b","type":"text"}],"backgroundColor":{"color":{"r":255,"g":255,"b":255}},"animations":[],"id":"dd5bf1ec-e87e-4994-88b5-3b774414cecb","pageAttachment":{"url":"https:\/\/lausanne.org\/fr\/report\/quelles-sont-les-donnees-demographiques-emergentes","icon":"https:\/\/lausanne.org\/wp-content\/uploads\/2024\/04\/cropped-State-of-the-Great-Commission-Icon.png","needsProxy":false,"ctaText":"Apprendre Encore Plus"}},{"elements":[{"opacity":100,"flip":{"vertical":false,"horizontal":false},"rotationAngle":0,"lockAspectRatio":true,"scale":100,"focalX":39.575195375149065,"focalY":50.058171874650405,"resource":{"type":"image","mimeType":"image\/jpeg","width":1920,"height":910,"sizes":{"medium":{"file":"Lausanne-Global-Aging-Population-image-1-300x142.jpg","width":300,"height":142,"filesize":10383,"mimeType":"image\/jpeg","sourceUrl":"https:\/\/lausanne.org\/wp-content\/uploads\/2024\/04\/Lausanne-Global-Aging-Population-image-1-300x142.jpg"},"large":{"file":"Lausanne-Global-Aging-Population-image-1-1024x485.jpg","width":1024,"height":485,"filesize":75541,"mimeType":"image\/jpeg","sourceUrl":"https:\/\/lausanne.org\/wp-content\/uploads\/2024\/04\/Lausanne-Global-Aging-Population-image-1-1024x485.jpg"},"thumbnail":{"file":"Lausanne-Global-Aging-Population-image-1-150x150.jpg","width":150,"height":150,"filesize":5402,"mimeType":"image\/jpeg","sourceUrl":"https:\/\/lausanne.org\/wp-content\/uploads\/2024\/04\/Lausanne-Global-Aging-Population-image-1-150x150.jpg"},"medium_large":{"file":"Lausanne-Global-Aging-Population-image-1-768x364.jpg","width":768,"height":364,"filesize":47355,"mimeType":"image\/jpeg","sourceUrl":"https:\/\/lausanne.org\/wp-content\/uploads\/2024\/04\/Lausanne-Global-Aging-Population-image-1-768x364.jpg"},"1536x1536":{"file":"Lausanne-Global-Aging-Population-image-1-1536x728.jpg","width":1536,"height":728,"filesize":145876,"mimeType":"image\/jpeg","sourceUrl":"https:\/\/lausanne.org\/wp-content\/uploads\/2024\/04\/Lausanne-Global-Aging-Population-image-1-1536x728.jpg"},"lmv-content-width":{"file":"Lausanne-Global-Aging-Population-image-1-1400x664.jpg","width":1400,"height":664,"filesize":126028,"mimeType":"image\/jpeg","sourceUrl":"https:\/\/lausanne.org\/wp-content\/uploads\/2024\/04\/Lausanne-Global-Aging-Population-image-1-1400x664.jpg"},"web-stories-poster-portrait":{"file":"Lausanne-Global-Aging-Population-image-1-640x853.jpg","width":640,"height":853,"filesize":63013,"mimeType":"image\/jpeg","sourceUrl":"https:\/\/lausanne.org\/wp-content\/uploads\/2024\/04\/Lausanne-Global-Aging-Population-image-1-640x853.jpg"},"web-stories-publisher-logo":{"file":"Lausanne-Global-Aging-Population-image-1-96x96.jpg","width":96,"height":96,"filesize":2770,"mimeType":"image\/jpeg","sourceUrl":"https:\/\/lausanne.org\/wp-content\/uploads\/2024\/04\/Lausanne-Global-Aging-Population-image-1-96x96.jpg"},"web-stories-thumbnail":{"file":"Lausanne-Global-Aging-Population-image-1-150x71.jpg","width":150,"height":71,"filesize":3513,"mimeType":"image\/jpeg","sourceUrl":"https:\/\/lausanne.org\/wp-content\/uploads\/2024\/04\/Lausanne-Global-Aging-Population-image-1-150x71.jpg"},"full":{"file":"Lausanne-Global-Aging-Population-image-1.jpg","width":1920,"height":910,"mimeType":"image\/jpeg","sourceUrl":"https:\/\/lausanne.org\/wp-content\/uploads\/2024\/04\/Lausanne-Global-Aging-Population-image-1.jpg"}},"isPlaceholder":false,"isExternal":false,"needsProxy":false,"baseColor":"#d5d2d0","blurHash":"UMNAk:zo4nt8?wNGaeRP9tkrkqW;-=jFROs.","creationDate":"2024-04-18T07:26:27.000Z","src":"https:\/\/lausanne.org\/wp-content\/uploads\/2024\/04\/Lausanne-Global-Aging-Population-image-1.jpg","id":1029340,"alt":"Lausanne-Global-Aging-Population-image-1","local":false},"controls":false,"loop":true,"autoPlay":true,"volume":1,"tracks":[],"backgroundColor":{"color":{"r":196,"g":196,"b":196}},"x":48,"y":0,"width":330,"height":156,"mask":{"type":"rectangle"},"isBackground":true,"id":"71b6f59b-6480-4809-a7ad-8c829fc6f7ac","overlay":{"type":"linear","stops":[{"color":{"r":36,"g":31,"b":33,"a":0},"position":0.26},{"color":{"r":36,"g":31,"b":33},"position":0.76}],"alpha":0.8},"type":"image"},{"opacity":100,"flip":{"vertical":false,"horizontal":false},"rotationAngle":0,"lockAspectRatio":true,"backgroundTextMode":"NONE","font":{"family":"Noto Sans"},"fontSize":24,"backgroundColor":{"color":{"r":196,"g":196,"b":196}},"lineHeight":1.2,"textAlign":"left","padding":{"locked":true,"hasHiddenPadding":false,"horizontal":0,"vertical":0},"content":"<span style=\"color: #fff\">Le vieillissement mondial se produit rapidement et constituera ind\u00e9niablement une force d\u00e9ter<\/span><span style=\"color: #fff\">minante pour notre monde futur.<\/span>","x":48,"y":355,"width":305,"borderRadius":{"locked":true,"topLeft":2,"topRight":2,"bottomRight":2,"bottomLeft":2},"height":177,"id":"23ebebb6-1c97-4953-a869-fff82a1e2422","link":null,"type":"text"},{"opacity":100,"flip":{"vertical":false,"horizontal":false},"rotationAngle":0,"lockAspectRatio":true,"backgroundTextMode":"NONE","font":{"family":"Noto Sans"},"fontSize":28,"backgroundColor":{"color":{"r":196,"g":196,"b":196}},"lineHeight":1.2,"textAlign":"left","padding":{"locked":true,"hasHiddenPadding":false,"horizontal":0,"vertical":0},"content":"<span style=\"font-weight: 700; color: #fff\">Le Vieillissement De La Population Mondiale<\/span>","x":47,"y":273,"width":355,"borderRadius":{"locked":true,"topLeft":2,"topRight":2,"bottomRight":2,"bottomLeft":2},"height":72,"id":"8d3a7125-205a-43f9-ae66-bd432931afd1","type":"text"},{"opacity":100,"flip":{"vertical":false,"horizontal":false},"rotationAngle":0,"lockAspectRatio":true,"backgroundTextMode":"NONE","font":{"family":"Noto Sans"},"fontSize":12,"backgroundColor":{"color":{"r":196,"g":196,"b":196}},"lineHeight":1.2,"textAlign":"left","padding":{"locked":true,"hasHiddenPadding":false,"horizontal":0,"vertical":0},"content":"<span style=\"font-weight: 700; color: #fff\">ARTICLE<\/span>","x":48,"y":247,"width":58,"borderRadius":{"locked":true,"topLeft":2,"topRight":2,"bottomRight":2,"bottomLeft":2},"height":16,"id":"3c315d2f-35aa-46e3-b47f-ca05a8a76b84","type":"text"}],"backgroundColor":{"color":{"r":255,"g":255,"b":255}},"animations":[{"id":"ad543271-12c5-4604-8088-7b62232ce33c","type":"effect-fade-in","duration":2000,"delay":0,"targets":["23ebebb6-1c97-4953-a869-fff82a1e2422"]}],"id":"6306d102-cbc2-45ec-ac8b-bb2e5f4fed72","defaultBackgroundElement":{"opacity":100,"flip":{"vertical":false,"horizontal":false},"rotationAngle":0,"lockAspectRatio":true,"backgroundColor":{"color":{"r":196,"g":196,"b":196}},"x":1,"y":1,"width":1,"height":1,"mask":{"type":"rectangle"},"isBackground":true,"isDefaultBackground":true,"type":"shape","id":"4a9e7e60-4ff6-41b6-a0f0-2b3a08e74773"},"pageAttachment":{"url":"https:\/\/lausanne.org\/fr\/report\/quelles-sont-les-donnees-demographiques-emergentes\/statistiques-population-mondiale","icon":"https:\/\/lausanne.org\/wp-content\/uploads\/2024\/04\/cropped-State-of-the-Great-Commission-Icon.png","needsProxy":false,"ctaText":"En Savoir Plus"}},{"elements":[{"opacity":100,"flip":{"vertical":false,"horizontal":false},"rotationAngle":0,"lockAspectRatio":true,"scale":100,"focalX":46.15478517935827,"focalY":50.058171874650405,"resource":{"type":"image","mimeType":"image\/jpeg","width":1920,"height":910,"sizes":{"medium":{"file":"Lausanne-Regional-Youth-Populations-image-1-300x142.jpg","width":300,"height":142,"filesize":4763,"mimeType":"image\/jpeg","sourceUrl":"https:\/\/lausanne.org\/wp-content\/uploads\/2024\/04\/Lausanne-Regional-Youth-Populations-image-1-300x142.jpg"},"large":{"file":"Lausanne-Regional-Youth-Populations-image-1-1024x485.jpg","width":1024,"height":485,"filesize":32257,"mimeType":"image\/jpeg","sourceUrl":"https:\/\/lausanne.org\/wp-content\/uploads\/2024\/04\/Lausanne-Regional-Youth-Populations-image-1-1024x485.jpg"},"thumbnail":{"file":"Lausanne-Regional-Youth-Populations-image-1-150x150.jpg","width":150,"height":150,"filesize":2688,"mimeType":"image\/jpeg","sourceUrl":"https:\/\/lausanne.org\/wp-content\/uploads\/2024\/04\/Lausanne-Regional-Youth-Populations-image-1-150x150.jpg"},"medium_large":{"file":"Lausanne-Regional-Youth-Populations-image-1-768x364.jpg","width":768,"height":364,"filesize":20380,"mimeType":"image\/jpeg","sourceUrl":"https:\/\/lausanne.org\/wp-content\/uploads\/2024\/04\/Lausanne-Regional-Youth-Populations-image-1-768x364.jpg"},"1536x1536":{"file":"Lausanne-Regional-Youth-Populations-image-1-1536x728.jpg","width":1536,"height":728,"filesize":61297,"mimeType":"image\/jpeg","sourceUrl":"https:\/\/lausanne.org\/wp-content\/uploads\/2024\/04\/Lausanne-Regional-Youth-Populations-image-1-1536x728.jpg"},"lmv-content-width":{"file":"Lausanne-Regional-Youth-Populations-image-1-1400x664.jpg","width":1400,"height":664,"filesize":53012,"mimeType":"image\/jpeg","sourceUrl":"https:\/\/lausanne.org\/wp-content\/uploads\/2024\/04\/Lausanne-Regional-Youth-Populations-image-1-1400x664.jpg"},"web-stories-poster-portrait":{"file":"Lausanne-Regional-Youth-Populations-image-1-640x853.jpg","width":640,"height":853,"filesize":28121,"mimeType":"image\/jpeg","sourceUrl":"https:\/\/lausanne.org\/wp-content\/uploads\/2024\/04\/Lausanne-Regional-Youth-Populations-image-1-640x853.jpg"},"web-stories-publisher-logo":{"file":"Lausanne-Regional-Youth-Populations-image-1-96x96.jpg","width":96,"height":96,"filesize":1631,"mimeType":"image\/jpeg","sourceUrl":"https:\/\/lausanne.org\/wp-content\/uploads\/2024\/04\/Lausanne-Regional-Youth-Populations-image-1-96x96.jpg"},"web-stories-thumbnail":{"file":"Lausanne-Regional-Youth-Populations-image-1-150x71.jpg","width":150,"height":71,"filesize":1933,"mimeType":"image\/jpeg","sourceUrl":"https:\/\/lausanne.org\/wp-content\/uploads\/2024\/04\/Lausanne-Regional-Youth-Populations-image-1-150x71.jpg"},"full":{"file":"Lausanne-Regional-Youth-Populations-image-1.jpg","width":1920,"height":910,"mimeType":"image\/jpeg","sourceUrl":"https:\/\/lausanne.org\/wp-content\/uploads\/2024\/04\/Lausanne-Regional-Youth-Populations-image-1.jpg"}},"isPlaceholder":false,"isExternal":false,"needsProxy":false,"baseColor":"#06070d","blurHash":"UeH2$Y00M{oL_NjFM_M{Rj%MoKRPt7WBs:t7","creationDate":"2024-04-18T07:36:10.000Z","src":"https:\/\/lausanne.org\/wp-content\/uploads\/2024\/04\/Lausanne-Regional-Youth-Populations-image-1.jpg","id":1029391,"alt":"Lausanne-Regional-Youth-Populations-image-1","local":false},"controls":false,"loop":true,"autoPlay":true,"volume":1,"tracks":[],"backgroundColor":{"color":{"r":196,"g":196,"b":196}},"x":48,"y":0,"width":330,"height":156,"mask":{"type":"rectangle"},"isBackground":true,"id":"4df936c5-9e97-43ca-a3c8-9ad2125e396b","overlay":{"type":"linear","stops":[{"color":{"r":36,"g":31,"b":33,"a":0},"position":0.26},{"color":{"r":36,"g":31,"b":33},"position":0.76}],"alpha":0.8},"type":"image"},{"opacity":100,"flip":{"vertical":false,"horizontal":false},"rotationAngle":0,"lockAspectRatio":true,"backgroundTextMode":"NONE","font":{"family":"Noto Sans"},"fontSize":22,"backgroundColor":{"color":{"r":196,"g":196,"b":196}},"lineHeight":1.2,"textAlign":"left","padding":{"locked":true,"hasHiddenPadding":false,"horizontal":0,"vertical":0},"content":"<span style=\"color: #fff\">Les dirigeants \u00e9vang\u00e9liques de toutes les r\u00e9gions du monde ont identifi\u00e9 l\u2019approche, le discipulat et l\u2019\u00e9coute des jeunes comme l\u2019un des deux principaux besoins identifi\u00e9<\/span><span style=\"color: #fff\">s pour la Grande Commission.<\/span>","x":48,"y":355,"width":326,"borderRadius":{"locked":true,"topLeft":2,"topRight":2,"bottomRight":2,"bottomLeft":2},"height":188,"id":"8297bddd-20a0-474f-879f-177556380e10","link":null,"type":"text"},{"opacity":100,"flip":{"vertical":false,"horizontal":false},"rotationAngle":0,"lockAspectRatio":true,"backgroundTextMode":"NONE","font":{"family":"Noto Sans"},"fontSize":32,"backgroundColor":{"color":{"r":196,"g":196,"b":196}},"lineHeight":1.2,"textAlign":"left","padding":{"locked":true,"hasHiddenPadding":false,"horizontal":0,"vertical":0},"content":"<span style=\"font-weight: 700; color: #fff\">Populations R\u00e9gionales De Jeunes<\/span>","x":47,"y":273,"width":355,"borderRadius":{"locked":true,"topLeft":2,"topRight":2,"bottomRight":2,"bottomLeft":2},"height":82,"id":"bdc0c5b1-550b-4bcf-b965-60656c83fe56","type":"text"},{"opacity":100,"flip":{"vertical":false,"horizontal":false},"rotationAngle":0,"lockAspectRatio":true,"backgroundTextMode":"NONE","font":{"family":"Noto Sans"},"fontSize":12,"backgroundColor":{"color":{"r":196,"g":196,"b":196}},"lineHeight":1.2,"textAlign":"left","padding":{"locked":true,"hasHiddenPadding":false,"horizontal":0,"vertical":0},"content":"<span style=\"font-weight: 700; color: #fff\">ARTICLE<\/span>","x":48,"y":247,"width":58,"borderRadius":{"locked":true,"topLeft":2,"topRight":2,"bottomRight":2,"bottomLeft":2},"height":16,"id":"0d750405-39a0-4415-8f0b-fb750820d234","type":"text"}],"backgroundColor":{"color":{"r":255,"g":255,"b":255}},"animations":[{"id":"3158bb25-3241-4990-8061-4f7b84870ca1","type":"effect-fade-in","duration":2000,"delay":0,"targets":["8297bddd-20a0-474f-879f-177556380e10"]}],"id":"eba17ca6-ad48-4b3a-8dff-70a0ca29864c","defaultBackgroundElement":{"opacity":100,"flip":{"vertical":false,"horizontal":false},"rotationAngle":0,"lockAspectRatio":true,"backgroundColor":{"color":{"r":196,"g":196,"b":196}},"x":1,"y":1,"width":1,"height":1,"mask":{"type":"rectangle"},"isBackground":true,"isDefaultBackground":true,"type":"shape","id":"4a9e7e60-4ff6-41b6-a0f0-2b3a08e74773"},"pageAttachment":{"url":"https:\/\/lausanne.org\/fr\/report\/quelles-sont-les-donnees-demographiques-emergentes\/statistiques-mondial-vieillissement","icon":"https:\/\/lausanne.org\/wp-content\/uploads\/2024\/04\/cropped-State-of-the-Great-Commission-Icon.png","needsProxy":false,"ctaText":"En Savoir Plus"}},{"elements":[{"opacity":100,"flip":{"vertical":false,"horizontal":false},"rotationAngle":0,"lockAspectRatio":true,"scale":100,"focalX":65.29541006433048,"focalY":50.060095552523464,"resource":{"type":"image","mimeType":"image\/jpeg","width":1920,"height":910,"sizes":{"medium":{"file":"Lausanne-The-New-middle-class-image-3-300x142.jpg","width":300,"height":142,"filesize":13372,"mimeType":"image\/jpeg","sourceUrl":"https:\/\/lausanne.org\/wp-content\/uploads\/2024\/04\/Lausanne-The-New-middle-class-image-3-300x142.jpg"},"large":{"file":"Lausanne-The-New-middle-class-image-3-1024x485.jpg","width":1024,"height":485,"filesize":89322,"mimeType":"image\/jpeg","sourceUrl":"https:\/\/lausanne.org\/wp-content\/uploads\/2024\/04\/Lausanne-The-New-middle-class-image-3-1024x485.jpg"},"thumbnail":{"file":"Lausanne-The-New-middle-class-image-3-150x150.jpg","width":150,"height":150,"filesize":6958,"mimeType":"image\/jpeg","sourceUrl":"https:\/\/lausanne.org\/wp-content\/uploads\/2024\/04\/Lausanne-The-New-middle-class-image-3-150x150.jpg"},"medium_large":{"file":"Lausanne-The-New-middle-class-image-3-768x364.jpg","width":768,"height":364,"filesize":57885,"mimeType":"image\/jpeg","sourceUrl":"https:\/\/lausanne.org\/wp-content\/uploads\/2024\/04\/Lausanne-The-New-middle-class-image-3-768x364.jpg"},"1536x1536":{"file":"Lausanne-The-New-middle-class-image-3-1536x728.jpg","width":1536,"height":728,"filesize":161547,"mimeType":"image\/jpeg","sourceUrl":"https:\/\/lausanne.org\/wp-content\/uploads\/2024\/04\/Lausanne-The-New-middle-class-image-3-1536x728.jpg"},"lmv-content-width":{"file":"Lausanne-The-New-middle-class-image-3-1400x664.jpg","width":1400,"height":664,"filesize":141672,"mimeType":"image\/jpeg","sourceUrl":"https:\/\/lausanne.org\/wp-content\/uploads\/2024\/04\/Lausanne-The-New-middle-class-image-3-1400x664.jpg"},"web-stories-poster-portrait":{"file":"Lausanne-The-New-middle-class-image-3-640x853.jpg","width":640,"height":853,"filesize":64871,"mimeType":"image\/jpeg","sourceUrl":"https:\/\/lausanne.org\/wp-content\/uploads\/2024\/04\/Lausanne-The-New-middle-class-image-3-640x853.jpg"},"web-stories-publisher-logo":{"file":"Lausanne-The-New-middle-class-image-3-96x96.jpg","width":96,"height":96,"filesize":3374,"mimeType":"image\/jpeg","sourceUrl":"https:\/\/lausanne.org\/wp-content\/uploads\/2024\/04\/Lausanne-The-New-middle-class-image-3-96x96.jpg"},"web-stories-thumbnail":{"file":"Lausanne-The-New-middle-class-image-3-150x71.jpg","width":150,"height":71,"filesize":4337,"mimeType":"image\/jpeg","sourceUrl":"https:\/\/lausanne.org\/wp-content\/uploads\/2024\/04\/Lausanne-The-New-middle-class-image-3-150x71.jpg"},"full":{"file":"Lausanne-The-New-middle-class-image-3.jpg","width":1920,"height":910,"mimeType":"image\/jpeg","sourceUrl":"https:\/\/lausanne.org\/wp-content\/uploads\/2024\/04\/Lausanne-The-New-middle-class-image-3.jpg"}},"isPlaceholder":false,"isExternal":false,"needsProxy":false,"baseColor":"#6d6064","blurHash":"U8EoZ19t~C%3.9gNIUt6=xMxofIU%hIoE1xv","creationDate":"2024-04-18T07:52:06.000Z","src":"https:\/\/lausanne.org\/wp-content\/uploads\/2024\/04\/Lausanne-The-New-middle-class-image-3.jpg","id":1029544,"alt":"Lausanne-The-New-middle-class-image-3","local":false},"controls":false,"loop":true,"autoPlay":true,"volume":1,"tracks":[],"backgroundColor":{"color":{"r":196,"g":196,"b":196}},"x":48,"y":0,"width":330,"height":156,"mask":{"type":"rectangle"},"isBackground":true,"id":"a0a7b3c5-3117-4ae4-8d21-ba843cc88c3b","overlay":{"type":"linear","stops":[{"color":{"r":36,"g":31,"b":33,"a":0},"position":0.26},{"color":{"r":36,"g":31,"b":33},"position":0.76}],"alpha":0.8},"type":"image"},{"opacity":100,"flip":{"vertical":false,"horizontal":false},"rotationAngle":0,"lockAspectRatio":true,"backgroundTextMode":"NONE","font":{"family":"Noto Sans"},"fontSize":20,"backgroundColor":{"color":{"r":196,"g":196,"b":196}},"lineHeight":1.2,"textAlign":"left","padding":{"locked":true,"hasHiddenPadding":false,"horizontal":0,"vertical":0},"content":"<span style=\"color: #fff\">Avec plus de richesse, des niveaux d\u2019\u00e9ducation plus \u00e9lev\u00e9s et une plus grande mobilit\u00e9 sociale, la classe moyenne a besoin d\u2019une mani\u00e8re unique de se connecter avec les gens par rapport \u00e0 d\u2019autres segments de la soci\u00e9<\/span><span style=\"color: #fff\">t\u00e9 tels que les \u00e9tudiants ou les pauvres du monde.<\/span>","x":48,"y":345,"width":305,"borderRadius":{"locked":true,"topLeft":2,"topRight":2,"bottomRight":2,"bottomLeft":2},"height":220,"id":"abce5544-423f-4ec4-89a4-cd7c25de8168","link":null,"type":"text"},{"opacity":100,"flip":{"vertical":false,"horizontal":false},"rotationAngle":0,"lockAspectRatio":true,"backgroundTextMode":"NONE","font":{"family":"Noto Sans"},"fontSize":28,"backgroundColor":{"color":{"r":196,"g":196,"b":196}},"lineHeight":1.2,"textAlign":"left","padding":{"locked":true,"hasHiddenPadding":false,"horizontal":0,"vertical":0},"content":"<span style=\"font-weight: 700; color: #fff\">La Nouvelle Classe Moyenne<\/span>","x":47,"y":273,"width":355,"borderRadius":{"locked":true,"topLeft":2,"topRight":2,"bottomRight":2,"bottomLeft":2},"height":72,"id":"86d3d804-07db-46a9-b2ec-d8b49945a361","type":"text"},{"opacity":100,"flip":{"vertical":false,"horizontal":false},"rotationAngle":0,"lockAspectRatio":true,"backgroundTextMode":"NONE","font":{"family":"Noto Sans"},"fontSize":12,"backgroundColor":{"color":{"r":196,"g":196,"b":196}},"lineHeight":1.2,"textAlign":"left","padding":{"locked":true,"hasHiddenPadding":false,"horizontal":0,"vertical":0},"content":"<span style=\"font-weight: 700; color: #fff\">ARTICLE<\/span>","x":48,"y":247,"width":58,"borderRadius":{"locked":true,"topLeft":2,"topRight":2,"bottomRight":2,"bottomLeft":2},"height":16,"id":"772ed319-2737-42e2-b926-ab9e74972847","type":"text"}],"backgroundColor":{"color":{"r":255,"g":255,"b":255}},"animations":[{"id":"c2c54cdf-0f18-4eeb-b727-5d5593e593ed","type":"effect-fade-in","duration":2000,"delay":0,"targets":["abce5544-423f-4ec4-89a4-cd7c25de8168"]}],"id":"f09450c1-e001-418d-8345-95575f56a98c","defaultBackgroundElement":{"opacity":100,"flip":{"vertical":false,"horizontal":false},"rotationAngle":0,"lockAspectRatio":true,"backgroundColor":{"color":{"r":196,"g":196,"b":196}},"x":1,"y":1,"width":1,"height":1,"mask":{"type":"rectangle"},"isBackground":true,"isDefaultBackground":true,"type":"shape","id":"4a9e7e60-4ff6-41b6-a0f0-2b3a08e74773"},"pageAttachment":{"url":"https:\/\/lausanne.org\/fr\/report\/quelles-sont-les-donnees-demographiques-emergentes\/la-nouvelle-classe-moyenne","icon":"https:\/\/lausanne.org\/wp-content\/uploads\/2024\/04\/cropped-State-of-the-Great-Commission-Icon.png","needsProxy":false,"ctaText":"En Savoir Plus"}},{"elements":[{"opacity":100,"flip":{"vertical":false,"horizontal":false},"rotationAngle":0,"lockAspectRatio":true,"scale":100,"focalX":71.80363568627624,"focalY":50.058171874650405,"resource":{"type":"video","mimeType":"video\/mp4","width":1920,"height":1080,"sizes":{"full":{"file":"media\/coverr:UZYCouYK63","sourceUrl":"https:\/\/cdn.coverr.co\/videos\/coverr-walking-up-the-stairs-4094\/1080p.mp4","mimeType":"video\/mp4","width":1920,"height":1080},"preview":{"file":"media\/coverr:UZYCouYK63","sourceUrl":"https:\/\/cdn.coverr.co\/videos\/coverr-walking-up-the-stairs-4094\/360p.mp4","mimeType":"video\/mp4","width":640,"height":360}},"isPlaceholder":false,"isExternal":true,"needsProxy":false,"id":"media\/coverr:UZYCouYK63","creationDate":"2019-10-27T08:01:14Z","src":"https:\/\/cdn.coverr.co\/videos\/coverr-walking-up-the-stairs-4094\/1080p.mp4","alt":"A low-angle shot of a woman walking up the stairs into a well-lit area. ","poster":"https:\/\/cdn.coverr.co\/videos\/coverr-walking-up-the-stairs-4094\/thumbnail?width=1920","posterId":"media\/coverr:UZYCouYK63","isOptimized":true,"length":17,"lengthFormatted":"0:17","isMuted":true},"controls":false,"loop":true,"autoPlay":true,"volume":1,"tracks":[],"backgroundColor":{"color":{"r":196,"g":196,"b":196}},"x":48,"y":0,"width":330,"height":185,"mask":{"type":"rectangle"},"isBackground":true,"id":"f705adbe-06e0-43d2-a0b7-9d2b52f590b3","overlay":{"color":{"r":0,"g":110,"b":184,"a":0.5}},"type":"video"},{"opacity":100,"flip":{"vertical":false,"horizontal":false},"rotationAngle":0,"lockAspectRatio":true,"backgroundTextMode":"NONE","font":{"family":"Noto Sans"},"fontSize":24,"backgroundColor":{"color":{"r":196,"g":196,"b":196}},"lineHeight":1.2,"textAlign":"left","padding":{"locked":true,"hasHiddenPadding":false,"horizontal":0,"vertical":0},"content":"<span style=\"color: #fff\">Information Cl\u00e9<\/span>\n\n<span style=\"color: #fff\">Le Vieillissement De La Population Mondiale<\/span>\n\n<span style=\"color: #fff\">Populations R\u00e9gionales De Jeunes<\/span>\n\n<span style=\"color: #fff\">La Nouvelle Classe Moyenne<\/span>","x":48,"y":69,"width":305,"borderRadius":{"locked":true,"topLeft":2,"topRight":2,"bottomRight":2,"bottomLeft":2},"height":292,"id":"81a7659f-553f-4a1f-bd0b-345f09ebfd62","link":null,"type":"text"},{"opacity":100,"flip":{"vertical":false,"horizontal":false},"rotationAngle":0,"lockAspectRatio":true,"backgroundTextMode":"NONE","font":{"family":"Noto Sans"},"fontSize":30,"backgroundColor":{"color":{"r":196,"g":196,"b":196}},"lineHeight":1.2,"textAlign":"left","padding":{"locked":true,"hasHiddenPadding":false,"horizontal":0,"vertical":0},"content":"<span style=\"font-weight: 700; color: #fff\">Apprendre Encore Plus<\/span>","x":50,"y":0,"width":355,"borderRadius":{"locked":true,"topLeft":2,"topRight":2,"bottomRight":2,"bottomLeft":2},"height":41,"id":"dd65360c-9e68-4f81-bcc1-1136775860bc","type":"text"},{"opacity":100,"flip":{"vertical":false,"horizontal":false},"rotationAngle":0,"lockAspectRatio":false,"scale":100,"focalX":50,"focalY":50,"resource":{"type":"image","mimeType":"image\/gif","width":498,"height":221,"sizes":{"full":{"file":"media\/tenor:1944028091179622112","sourceUrl":"https:\/\/media.tenor.com\/GvqTP8AkXuAAAAAi\/vamouz-mouz.gif","mimeType":"image\/gif","width":498,"height":221},"large":{"file":"media\/tenor:1944028091179622112","sourceUrl":"https:\/\/c.tenor.com\/GvqTP8AkXuAAAAAq\/tenor.gif","mimeType":"image\/gif","width":498,"height":221},"200_89":{"file":"media\/tenor:1944028091179622112","sourceUrl":"https:\/\/media.tenor.com\/GvqTP8AkXuAAAAAj\/vamouz-mouz.gif","mimeType":"image\/gif","width":200,"height":89},"web_stories_thumbnail":{"file":"media\/tenor:1944028091179622112","sourceUrl":"https:\/\/media.tenor.com\/GvqTP8AkXuAAAAAk\/vamouz-mouz.gif","mimeType":"image\/gif","width":90,"height":40}},"isPlaceholder":false,"isExternal":true,"needsProxy":false,"id":"media\/tenor:1944028091179622112","creationDate":"2022-07-04T10:08:18Z","src":"https:\/\/media.tenor.com\/GvqTP8AkXuAAAAAi\/vamouz-mouz.gif","alt":"Vamouz Mousesports Sticker","attribution":{"author":{"displayName":"mousesports","url":"https:\/\/tenor.com\/users\/mousesports"},"registerUsageUrl":"https:\/\/media3p.googleapis.com\/v1\/media:registerUsage?token=AZItapj3CsHteornwPjBaLfRy2WMewRDuMLdghciO25NYp3F8xAdYUGnhpHASJU\/A2Ri0v8bcLhv%2BlS2gwUid6FN3l%2BSDA%3D%3D"}},"x":-20,"y":9,"width":73,"height":28,"mask":{"type":"rectangle","showInLibrary":true,"name":"Rectangle","path":"M 0,0 1,0 1,1 0,1 0,0 Z","ratio":1,"supportsBorder":true},"id":"13e8bb3d-2366-4ca2-b0f9-012821e03f92","type":"image"}],"backgroundColor":{"color":{"r":255,"g":255,"b":255}},"animations":[{"id":"122d02db-725d-44e2-aba9-ba539f751708","type":"effect-fade-in","duration":2000,"delay":0,"targets":["81a7659f-553f-4a1f-bd0b-345f09ebfd62"]}],"id":"3a3cacbb-efee-4e10-b54f-b8554f337557","defaultBackgroundElement":{"opacity":100,"flip":{"vertical":false,"horizontal":false},"rotationAngle":0,"lockAspectRatio":true,"backgroundColor":{"color":{"r":196,"g":196,"b":196}},"x":1,"y":1,"width":1,"height":1,"mask":{"type":"rectangle"},"isBackground":true,"isDefaultBackground":true,"type":"shape","id":"4a9e7e60-4ff6-41b6-a0f0-2b3a08e74773"},"pageAttachment":{"url":"https:\/\/lausanne.org\/fr\/report\/quelles-sont-les-donnees-demographiques-emergentes","icon":"https:\/\/lausanne.org\/wp-content\/uploads\/2024\/04\/cropped-State-of-the-Great-Commission-Icon.png","needsProxy":false,"ctaText":"D\u00e9mographie"}}],"fonts":{"Noto Sans":{"family":"Noto Sans","fallbacks":["sans-serif"],"weights":[100,200,300,400,500,600,700,800,900],"styles":["regular","italic"],"variants":[[0,100],[0,200],[0,300],[0,400],[0,500],[0,600],[0,700],[0,800],[0,900],[1,100],[1,200],[1,300],[1,400],[1,500],[1,600],[1,700],[1,800],[1,900]],"service":"fonts.google.com","metrics":{"upm":1000,"asc":1069,"des":-293,"tAsc":1069,"tDes":-293,"tLGap":0,"wAsc":1124,"wDes":395,"xH":536,"capH":714,"yMin":-394,"yMax":1067,"hAsc":1069,"hDes":-293,"lGap":0}}},"autoAdvance":false,"defaultPageDuration":7,"currentStoryStyles":{"colors":[]}},"story_poster":{"id":1035250,"url":"https:\/\/lausanne.org\/wp-content\/uploads\/2024\/04\/cropped-State-of-the-Great-Commission-Web-Story-Emerging-Demographics.jpg","width":640,"height":853,"needsProxy":false},"_links":{"self":[{"href":"https:\/\/lausanne.org\/ko\/wp-json\/web-stories\/v1\/web-story\/1098797","targetHints":{"allow":["GET"]}}],"collection":[{"href":"https:\/\/lausanne.org\/ko\/wp-json\/web-stories\/v1\/web-story"}],"about":[{"href":"https:\/\/lausanne.org\/ko\/wp-json\/wp\/v2\/types\/web-story"}],"author":[{"embeddable":true,"href":"https:\/\/lausanne.org\/ko\/wp-json\/web-stories\/v1\/users\/852"}],"version-history":[{"count":0,"href":"https:\/\/lausanne.org\/ko\/wp-json\/web-stories\/v1\/web-story\/1098797\/revisions"}],"wp:featuredmedia":[{"embeddable":true,"href":"https:\/\/lausanne.org\/ko\/wp-json\/web-stories\/v1\/media\/1035250"}],"wp:attachment":[{"href":"https:\/\/lausanne.org\/ko\/wp-json\/web-stories\/v1\/media?parent=1098797"}],"wp:term":[{"taxonomy":"web_story_category","embeddable":true,"href":"https:\/\/lausanne.org\/ko\/wp-json\/web-stories\/v1\/web_story_category?post=1098797"},{"taxonomy":"web_story_tag","embeddable":true,"href":"https:\/\/lausanne.org\/ko\/wp-json\/web-stories\/v1\/web_story_tag?post=1098797"}],"wp:lock":[{"embeddable":true,"href":"https:\/\/lausanne.org\/ko\/wp-json\/web-stories\/v1\/web-story\/1098797\/lock"}],"wp:publisherlogo":[{"embeddable":true,"href":"https:\/\/lausanne.org\/ko\/wp-json\/web-stories\/v1\/media\/306726"}],"curies":[{"name":"wp","href":"https:\/\/api.w.org\/{rel}","templated":true}]}}